{"id":25494,"date":"2014-08-22T14:14:58","date_gmt":"2014-08-22T17:14:58","guid":{"rendered":"http:\/\/www.comodoro.gov.ar\/desarrollohumano\/?p=25494"},"modified":"2024-06-24T12:11:04","modified_gmt":"2024-06-24T15:11:04","slug":"matinee-por-la-integracion","status":"publish","type":"post","link":"https:\/\/www.comodoro.gov.ar\/desarrollohumano\/2014\/08\/22\/matinee-por-la-integracion\/","title":{"rendered":"Matin\u00e9e por la Integraci\u00f3n"},"content":{"rendered":"<p>Desde el Club de la Diversidad se impulsa esta propuesta de inclusi\u00f3n, promoci\u00f3n y esparcimiento, destinada a j\u00f3venes con discapacidad, a fin de que los mismos vivencien experiencias recreativas al igual que el resto de los j\u00f3venes.<\/p>\n<p>Se trata de un encuentro mensual en cada boliche de la ciudad, al cual asisten un promedio de 250 j\u00f3venes con y sin discapacidad.<\/p>\n<p>Desde la puesta en marcha de la propuesta incluyendo el a\u00f1o 2013, se han desarrollado 20 encuentros con la participaci\u00f3n de m\u00e1s de 4600 j\u00f3venes.<\/p>\n<p>&nbsp;<\/p>\n<p><img loading=\"lazy\" decoding=\"async\" class=\"alignnone wp-image-33858 size-full\" src=\"https:\/\/www.comodoro.gov.ar\/desarrollohumano\/wp-content\/uploads\/2014\/08\/Matinee-web.jpg\" alt=\"\" width=\"604\" height=\"400\" srcset=\"https:\/\/www.comodoro.gov.ar\/desarrollohumano\/wp-content\/uploads\/2014\/08\/Matinee-web.jpg 604w, https:\/\/www.comodoro.gov.ar\/desarrollohumano\/wp-content\/uploads\/2014\/08\/Matinee-web-300x199.jpg 300w\" sizes=\"auto, (max-width: 604px) 100vw, 604px\" \/><\/p>\n","protected":false},"excerpt":{"rendered":"<p>Desde el Club de la Diversidad se impulsa esta propuesta de inclusi\u00f3n, promoci\u00f3n y esparcimiento,<\/p>\n","protected":false},"author":1,"featured_media":27450,"comment_status":"closed","ping_status":"closed","sticky":false,"template":"","format":"standard","meta":{"footnotes":""},"categories":[34],"tags":[272,404],"class_list":["post-25494","post","type-post","status-publish","format-standard","has-post-thumbnail","hentry","category-discapacidad-2","tag-discapacidad","tag-matinee"],"_links":{"self":[{"href":"https:\/\/www.comodoro.gov.ar\/desarrollohumano\/wp-json\/wp\/v2\/posts\/25494","targetHints":{"allow":["GET"]}}],"collection":[{"href":"https:\/\/www.comodoro.gov.ar\/desarrollohumano\/wp-json\/wp\/v2\/posts"}],"about":[{"href":"https:\/\/www.comodoro.gov.ar\/desarrollohumano\/wp-json\/wp\/v2\/types\/post"}],"author":[{"embeddable":true,"href":"https:\/\/www.comodoro.gov.ar\/desarrollohumano\/wp-json\/wp\/v2\/users\/1"}],"replies":[{"embeddable":true,"href":"https:\/\/www.comodoro.gov.ar\/desarrollohumano\/wp-json\/wp\/v2\/comments?post=25494"}],"version-history":[{"count":2,"href":"https:\/\/www.comodoro.gov.ar\/desarrollohumano\/wp-json\/wp\/v2\/posts\/25494\/revisions"}],"predecessor-version":[{"id":33857,"href":"https:\/\/www.comodoro.gov.ar\/desarrollohumano\/wp-json\/wp\/v2\/posts\/25494\/revisions\/33857"}],"wp:featuredmedia":[{"embeddable":true,"href":"https:\/\/www.comodoro.gov.ar\/desarrollohumano\/wp-json\/"}],"wp:attachment":[{"href":"https:\/\/www.comodoro.gov.ar\/desarrollohumano\/wp-json\/wp\/v2\/media?parent=25494"}],"wp:term":[{"taxonomy":"category","embeddable":true,"href":"https:\/\/www.comodoro.gov.ar\/desarrollohumano\/wp-json\/wp\/v2\/categories?post=25494"},{"taxonomy":"post_tag","embeddable":true,"href":"https:\/\/www.comodoro.gov.ar\/desarrollohumano\/wp-json\/wp\/v2\/tags?post=25494"}],"curies":[{"name":"wp","href":"https:\/\/api.w.org\/{rel}","templated":true}]}}