{"id":25517,"date":"2014-08-29T12:09:15","date_gmt":"2014-08-29T15:09:15","guid":{"rendered":"http:\/\/www.comodoro.gov.ar\/desarrollohumano\/?p=25517"},"modified":"2014-08-29T12:09:15","modified_gmt":"2014-08-29T15:09:15","slug":"proyectos-2014","status":"publish","type":"post","link":"https:\/\/www.comodoro.gov.ar\/desarrollohumano\/2014\/08\/29\/proyectos-2014\/","title":{"rendered":"PROYECTOS 2014"},"content":{"rendered":"<p>La Direcci\u00f3n de G\u00e9nero dependiente de la Secretar\u00eda de Desarrollo Humano y Familia promueve actividades para desarrollar en pos de la inclusi\u00f3n social. Entrea ellas se pueden destacar las siguientes:<br \/>\n<strong>PREVENCI\u00d3N DE LA VIOLENCIA EN LA ADOLESCENCIA \u2013 \u201cLA PALABRA INQUIETA\u201d<\/strong><\/p>\n<p><strong>Objetivo General:<\/strong><br \/>\nPromover la elaboraci\u00f3n de un diario comunitario itinerante \u201cLa Palabra Inquieta\u201d, realizado por adolescentes de diferentes escuelas de la ciudad de Comodoro Rivadavia durante el ciclo lectivo 2014.<\/p>\n<p><strong>Objetivos Espec\u00edficos:<\/strong><br \/>\nDifundir la tem\u00e1tica y promover la reflexi\u00f3n entre adolescentes.<br \/>\nFacilitar la libre expresi\u00f3n de los adolescentes en referencia a la tem\u00e1tica.<br \/>\nPosibilitar el intercambio subjetivo entre pares.<br \/>\nCrear lazos interescolares a trav\u00e9s del recorrido de este diario en los diferentes establecimientos.<br \/>\nReflexionar sobre los estereotipos de g\u00e9nero.<\/p>\n<p>Destinatarios:<br \/>\nLa poblaci\u00f3n destinataria ser\u00e1n adolescentes entre 14 y 16 a\u00f1os de edad que concurran a escuelas secundarias de zona norte y sur de la ciudad de Comodoro Rivadavia.<\/p>\n<p>\u2022 Colegio Secundario B\u00ba Laprida N\u00ba 732<br \/>\n\u2022 Colegio Secundario B\u00ba Prospero Palazzo N\u00ba 722<br \/>\n\u2022 Colegio Secundario N\u00ba 746<\/p>\n<p><strong>PREVENCI\u00d3N DE LA VIOLENCIA EN DIFERENTES INSTITUCIONES DE LA COMUNIDAD<\/strong><\/p>\n<p>La finalidad de este Proyecto es contribuir al desarrollo de transformar la realidad de modo que un colectivo humano determinado pueda mejorar su situaci\u00f3n y expandir en el futuro sus posibilidades, contribuyendo as\u00ed su progreso y el de su entorno.<\/p>\n<p><strong>Objetivos Espec\u00edficos:<\/strong><\/p>\n<p>Generar espacios de reflexi\u00f3n, intercambio, discusi\u00f3n sobre los diferentes temas propuestos incluyendo en el abordaje las necesidades y demandas por parte de la sociedad.<br \/>\nPromover el conocimiento y la sensibilizaci\u00f3n de la comunidad en general acerca de los temas a desarrollar.<br \/>\nPoblaci\u00f3n:<\/p>\n<p>\u2022 Taller sobre violencia de g\u00e9nero solicitado por integrantes de Rotarac.<br \/>\n\u2022 Taller realizado en sala de espera Centro de Salud \u201cPietrobelli\u201d.<br \/>\n\u2022 Taller realizado en Colegio Mar\u00eda Auxiliadora, Profesorado docente.<br \/>\n\u2022 Taller realizado en la escuela N\u00ba 7702, km 8 con la c\u00e1tedra: Derechos Humanos.<br \/>\n<strong>PROGRAMA RADIAL<\/strong><\/p>\n<p>La finalidad de este proyecto es poder contar con un espacio radial denominado \u201cVoces Encontradas\u201d.<\/p>\n<p>Objetivos generales:<br \/>\nContar con un espacio radial (micro o columna) donde poder debatir sobre diferentes tem\u00e1ticas relacionadas con nuestra labor.<\/p>\n<p>Objetivos espec\u00edficos:<br \/>\nVisibilizar y promover la difusi\u00f3n de tem\u00e1ticas de g\u00e9nero en la ciudad.<br \/>\nDebatir sobre el lugar de las mujeres hoy, desde el marco de los Derechos Humanos.<br \/>\nContar con la colaboraci\u00f3n de entrevistas a personas invitadas.<\/p>\n<p>Tem\u00e1ticas de abordaje:<br \/>\nD\u00eda de la Mujer Trabajadora<br \/>\nAdolescencia y Salud.<br \/>\nFemicidio.<br \/>\nPrevenci\u00f3n en la tem\u00e1tica de violencia de g\u00e9nero.<br \/>\nDiversidad de G\u00e9nero.<br \/>\nEstereotipos de G\u00e9nero<br \/>\nDerechos pol\u00edticos de las Mujeres.<br \/>\nDerechos Humanos.<br \/>\nTrata de personas.<br \/>\nSalud en la mujer. M\u00e9todos de anticoncepci\u00f3n.<\/p>\n<p>Lugar: FM Comunitaria Chenque<br \/>\nFrecuencia: cada quince d\u00edas<\/p>\n<p><strong>CINE DEBATE<\/strong><br \/>\nProyecci\u00f3n de pel\u00edculas referidas a diferentes tem\u00e1ticas (Identidad de G\u00e9nero, Violencia contra la mujer, Discriminaci\u00f3n, etc.).<br \/>\nBrindar un espacio de encuentro y reflexionar sobre problem\u00e1ticas sociales.<\/p>\n<p>\u201dPel\u00edcula Licencia Numero Uno<br \/>\n\u2022 CPB M\u00e1ximo Abasolo\u201d<br \/>\n\u2022 CPB Km 5<br \/>\n\u2022 CPB Km 8<\/p>\n<p><strong>DIVERSIDAD DE G\u00c9NERO<\/strong><br \/>\n\u2022 Ciclo de Cine Debate LGBTIQ (Lesbianas, Gay, Bisexuales, Trans, intersex, Queer. Proyecciones realizadas: 1\u00ba M\u00eda de (Javier Van de Couter). 2\u00ba la Vida de Adele.<\/p>\n<p>\u2022 Capacitaciones de Salud en Hepatitis, HIV, ITS etc. articuladas con Subsecretaria de Salud M.C.R<\/p>\n<p>\u2022 Prevenci\u00f3n distribuci\u00f3n de Preservativos y Folletos informativos con cuidados de las principales enfermedades de trasmisi\u00f3n sexual, en la v\u00eda Publica en la Instituci\u00f3n diariamente y en los locales Bailables.<\/p>\n<p>\u2022 Acompa\u00f1amiento, articulaci\u00f3n en actividades con Ong\u2019s, grupos, Cooperativas que trabajan con la tem\u00e1tica y por los derechos humanos LGBTIQ. Reuniones con C\u00f3nsules, Embajadas, Registro Civil, Ministerio de la Defensa Publica,<\/p>\n<p>\u2022 Articular con Ministerios y Direcciones Nacionales Provinciales y Municipales las Pol\u00edticas Publicas desarrolladas para la Comunidad LGBTIQ.<\/p>\n<p>\u2022 Acompa\u00f1amiento en Tesis de investigaci\u00f3n de la U.N.P.S.J.B en tem\u00e1ticas de discriminaci\u00f3n, situaci\u00f3n Trans.<\/p>\n<p>\u2022 Actividades recreativas en fechas alusivas que representan luchas para el colectivo y salud en general.<\/p>\n<p>&#8211; 14 de Febrero: Picnic por \u201cel mismo amor\u201d recreaci\u00f3n, charlas y distribuci\u00f3n de folleter\u00eda y preservativos, en la plaza San Martin con la comunidad LGBTI<\/p>\n<p>&#8211; 18 de Marzo: d\u00eda de la promoci\u00f3n de los derechos de las Personas Trans. se proyecto Documental de la Situacion de las Personas trans en Argentina \u201cIdentidad Trans\u201d.<\/p>\n<p>&#8211; 9 de mayo: 2\u00ba Aniversario de la ley de identidad de G\u00e9nero acto y entrega de menciones a las instituciones que apoyaron el trabajo que se realizo mientras duro la Campa\u00f1a \u201cDerecho a Ser\u201d.<\/p>\n<p>&#8211; 17 de Mayo: D\u00eda Mundial contra la Discriminaci\u00f3n por orientaci\u00f3n sexual e identidad de G\u00e9nero, exposici\u00f3n LGBTIQ \u201cIGUAL A VOS\u201d Muestra Fotogr\u00e1fica Cartograf\u00eda de organizaciones y exposici\u00f3n de noticias sobre discriminaci\u00f3n a personas LGBTIQ.<\/p>\n<p>&#8211; 28 de Mayo: D\u00eda internacional de la Acci\u00f3n por la Salud de las Mujeres, distribuci\u00f3n de Folleter\u00eda e informaci\u00f3n en la Plaza Kompuchewe .<br \/>\nDIRECCION DE GENERO , 11 DE JUNIO DE 2014<\/p>\n","protected":false},"excerpt":{"rendered":"<p>La Direcci\u00f3n de G\u00e9nero dependiente de la Secretar\u00eda de Desarrollo Humano y Familia promueve actividades<\/p>\n","protected":false},"author":1,"featured_media":27437,"comment_status":"closed","ping_status":"closed","sticky":false,"template":"","format":"standard","meta":{"footnotes":""},"categories":[61],"tags":[328,468,555],"class_list":["post-25517","post","type-post","status-publish","format-standard","has-post-thumbnail","hentry","category-genero","tag-de","tag-proyectos-2014","tag-violencia"],"_links":{"self":[{"href":"https:\/\/www.comodoro.gov.ar\/desarrollohumano\/wp-json\/wp\/v2\/posts\/25517","targetHints":{"allow":["GET"]}}],"collection":[{"href":"https:\/\/www.comodoro.gov.ar\/desarrollohumano\/wp-json\/wp\/v2\/posts"}],"about":[{"href":"https:\/\/www.comodoro.gov.ar\/desarrollohumano\/wp-json\/wp\/v2\/types\/post"}],"author":[{"embeddable":true,"href":"https:\/\/www.comodoro.gov.ar\/desarrollohumano\/wp-json\/wp\/v2\/users\/1"}],"replies":[{"embeddable":true,"href":"https:\/\/www.comodoro.gov.ar\/desarrollohumano\/wp-json\/wp\/v2\/comments?post=25517"}],"version-history":[{"count":0,"href":"https:\/\/www.comodoro.gov.ar\/desarrollohumano\/wp-json\/wp\/v2\/posts\/25517\/revisions"}],"wp:featuredmedia":[{"embeddable":true,"href":"https:\/\/www.comodoro.gov.ar\/desarrollohumano\/wp-json\/"}],"wp:attachment":[{"href":"https:\/\/www.comodoro.gov.ar\/desarrollohumano\/wp-json\/wp\/v2\/media?parent=25517"}],"wp:term":[{"taxonomy":"category","embeddable":true,"href":"https:\/\/www.comodoro.gov.ar\/desarrollohumano\/wp-json\/wp\/v2\/categories?post=25517"},{"taxonomy":"post_tag","embeddable":true,"href":"https:\/\/www.comodoro.gov.ar\/desarrollohumano\/wp-json\/wp\/v2\/tags?post=25517"}],"curies":[{"name":"wp","href":"https:\/\/api.w.org\/{rel}","templated":true}]}}