{"id":25522,"date":"2014-08-29T14:03:13","date_gmt":"2014-08-29T17:03:13","guid":{"rendered":"http:\/\/www.comodoro.gov.ar\/desarrollohumano\/?p=25522"},"modified":"2024-06-24T13:25:22","modified_gmt":"2024-06-24T16:25:22","slug":"capacitaciones-socio-laborales","status":"publish","type":"post","link":"https:\/\/www.comodoro.gov.ar\/desarrollohumano\/2014\/08\/29\/capacitaciones-socio-laborales\/","title":{"rendered":"Capacitaciones socio-laborales"},"content":{"rendered":"<p><img loading=\"lazy\" decoding=\"async\" class=\"alignnone size-full wp-image-33877\" src=\"https:\/\/www.comodoro.gov.ar\/desarrollohumano\/wp-content\/uploads\/2014\/08\/capacitacion-sociolaboral-diseno-180x119-1.jpg\" alt=\"\" width=\"180\" height=\"119\" \/><\/p>\n<p>La Direcci\u00f3n de Adolescencia y Juventud, dependiente de la Secretar\u00eda de Desarrollo Humano y Familia, a trav\u00e9s del Programa Adolescencia y Juventud en convenio con el Centro de Formaci\u00f3n Profesional N\u00ba 652, realiza capacitaciones socio-laborales.<\/p>\n<p>Cuenta con un grupo de Micro Emprendedores, quienes ya han realizado la capacitaci\u00f3n en Aux. Panadero Repostero , Aux. en Elaboraci\u00f3n de alimentos y actualmente se encuentran realizando la de Cocinero.<\/p>\n<p>Cada uno de estos espacios cuenta con el acompa\u00f1amiento constante de operadores del programa.<\/p>\n<p>En la sede de Punto de Encuentro se realizan las capacitaciones de Cocinero y Dise\u00f1o de indumentaria juvenil destinado a j\u00f3venes entre 18 y 25 a\u00f1os<\/p>\n<p>Tanto en KM8, como en Stella Maris se dictan las capacitaciones de Corte y Confecci\u00f3n. Denominada dise\u00f1o y reciclado de indumentaria, teniendo como sedes los respectivos centros de promoci\u00f3n barrial, respondiendo al objetivo que propone una articulaci\u00f3n e intercambio con las diferentes instituciones barriales.<\/p>\n<p>El grupo de Micro Emprendedores est\u00e1 conformado por cinco alumnos que van de los 18 a los 24 a\u00f1os. En varias oportunidades, han participado del Mercado Popular con un puesto de alimentos, referenci\u00e1ndose con su nombre \u201cDulce Patagonia\u201d, adem\u00e1s realizan eventos de catering como monotributistas, y est\u00e1n inscriptos como proveedores del municipio y de la provincia. A partir del Mes de Octubre del 2013 empezaron a participar como docentes de cursos de capacitaci\u00f3n para ni\u00f1os<\/p>\n<p><strong>Proyecto de pasteler\u00eda en escuelas secundarias<\/strong><\/p>\n<p>Realizado por el Micro Emprendimiento Dulce Patagonia<br \/>\nEsta propuesta educacional apunta a brindar conocimientos b\u00e1sicos de panader\u00eda salada y dulce. Tiene por objetivo fomentar h\u00e1bitos de higiene personal y en el trabajo antes, durante y despu\u00e9s de la elaboraci\u00f3n de productos panificados.<\/p>\n<p>A partir del Mes de Octubre empezaron a participar como docentes de cursos de capacitaci\u00f3n para ni\u00f1os y adolescentes de las escuelas N\u00ba 738 del barrio San Cayetano con una matr\u00edcula de 30 alumnos.<\/p>\n<p><strong>Actividades solidarias realizadas por el grupo de j\u00f3venes gastron\u00f3micos<\/strong><\/p>\n<ul>\n<li>Elaboraci\u00f3n de locro para todos 2013\/ 2014 m\u00e1s de 500 porciones<\/li>\n<li>Elaboraci\u00f3n de roscas de pascuas<\/li>\n<li>Elaboraci\u00f3n de 600 empanadas<\/li>\n<li>Elaboraci\u00f3n de mesa dulce para t\u00e9 desfile 2013\/2014 D\u00eda de la Mujer<\/li>\n<li>Elaboraci\u00f3n de 20 tartas para una ONG APADEA<\/li>\n<li>Elaboraci\u00f3n de 3000 tortas fritas para los d\u00edas 1y2 de abril 2013\/2014<\/li>\n<li>Participaci\u00f3n en cantina del centro cultural en diferentes eventos realizados por la secretaria de cultura<\/li>\n<li>Elaboraci\u00f3n de 500 pan dulces para cierre de actividades de fin de a\u00f1o.<\/li>\n<\/ul>\n<p>Proyecto Pintando el Encuentro, en el marco de la Conmemoraci\u00f3n de los Derechos de los ni\u00f1as, ni\u00f1as y adolescentes.<\/p>\n<p>En el marco del mes de los Derechos de los ni\u00f1os, ni\u00f1as y adolescentes, se pretende con este proyecto realizar una actividad que re\u00fana a los j\u00f3venes del Barrio y aquellos que participan en Punto de encuentro, para construir una propuesta comunicativa que identifique al joven, a sus intereses, sus experiencias y vida cotidiana.<\/p>\n<p>En este contexto, consideramos al adolescente como sujeto de derechos, que se presenta como un actor social con mucho para expresar y pocas posibilidades de hacerlo en el espacio p\u00fablico libremente. Participaron j\u00f3venes de diferentes barrios de la ciudad<br \/>\nRealizaci\u00f3n y ejecuci\u00f3n de proyecto, con la c\u00e1tedra de historia de la Facultad de Ciencias Sociales.<\/p>\n<p>Se formul\u00f3 el proyecto denominado \u201cCocinar, comer y recrear: Gastronom\u00eda, historia, cultura y sociedad en el origen del Estado Argentino y su actualizaci\u00f3n al gusto contempor\u00e1neo\u201d<\/p>\n<p><strong>Propuesta integral con el Centro de atenci\u00f3n de adolescente de la provincia<\/strong><\/p>\n<p>En el marco de capacitaci\u00f3n de gastronom\u00eda, se realizan encuentros con la nutricionista MARITA SANGUINETTI aportando conocimientos para la confecci\u00f3n de diferentes men\u00fas saludables teniendo en cuenta como eje fundamental la salud desde la alimentaci\u00f3n saludable respondiendo a los intereses que demanda el grupo<\/p>\n<p><strong>Proyecto de capacitaci\u00f3n de inyecci\u00f3n vehicular<\/strong><\/p>\n<p>Esta propuesta est\u00e1 destinado a j\u00f3venes de 18 a 25 a\u00f1os brindando capacitaciones te\u00f3ricas pr\u00e1cticas intensivas. de manera que les permita una salida laboral<\/p>\n<p>Centro de Pr\u00e1ctica, para la C\u00e1tedra de Trabajo Social III, de la Carrera Lic. en Trabajo Social.<\/p>\n<p>El Programa, se propone trabajar articuladamente con la Universidad local, no solo para la formulaci\u00f3n de proyectos sino tambi\u00e9n con aquellos estudiantes que est\u00e9n en proceso de formaci\u00f3n, espec\u00edficamente los de la Carrera Lic. en Trabajo Social.<\/p>\n<p>De esta manera se acompa\u00f1a a los alumnos en supervisi\u00f3n y asesoramiento, en lo que fuese necesario, con el objetivo de brindar informaci\u00f3n del Programa y del grupo de adolescente con el que se encuentren trabajando.<\/p>\n<p><strong>Observatorio Laboral en conjunto con el \u00c1rea de Investigaci\u00f3n de la Municipalidad en Comodoro Rivadavia<\/strong><\/p>\n<p>Propuesta destinada a j\u00f3venes y adultos mediante la cual se publican avisos de empleos en las redes sociales, acorde a las capacitaciones que se realizan en este programa.<\/p>\n<p><strong>Planificaci\u00f3n , elaboraci\u00f3n ejecuci\u00f3n de Proyecto de capacitaci\u00f3n de mozo denominado \u201cMozo a la carta\u201d<\/strong><br \/>\nDestinado a j\u00f3venes entre 18 y 25 a\u00f1os, con una duraci\u00f3n de 3 meses. Se dicta en sede punto de encuentro<br \/>\nEl mismo se ejecutara con el financiamiento de la U.N.PS.J.B, tiene por objetivo brindar herramientas complementarias a los conocimientos de gastronom\u00eda facilitando la inserci\u00f3n laboral.<\/p>\n<p><strong>Planificaci\u00f3n, elaboraci\u00f3n y ejecuci\u00f3n de proyectos sociales para gesti\u00f3n de recursos.<\/strong><br \/>\nDurante el a\u00f1o 2014 se elabor\u00f3 el Proyecto denominado \u201cj\u00f3venes pasteleros\u201d presentado ante el CAP, Programa Desarrollo Social de Tecpetrol en Comodoro Rivadavia. Dicho Programa trabaja sobre el Fortalecimiento de Instituciones y Actores sociales, el mismo fue aprobado, entreg\u00e1ndose maquinarias para la capacitaci\u00f3n de gastronom\u00eda<\/p>\n<p><strong>Desarrollo de acciones de promoci\u00f3n y asistencia<\/strong><br \/>\nIntervenci\u00f3n, gesti\u00f3n y acompa\u00f1amiento por parte del equipo t\u00e9cnicos para la derivaci\u00f3n y tratamiento en salud de una alumna.<br \/>\nIntervenci\u00f3n, gesti\u00f3n y seguimiento de situaci\u00f3n por parte del equipo<\/p>\n<p><strong>Articulaci\u00f3n con diferentes instituciones<\/strong><br \/>\nPlanificar actividades y acciones en conjunto con diferentes instituciones para el abordaje de determinadas problem\u00e1ticas y la promoci\u00f3n y difusi\u00f3n de derechos<\/p>\n<p>Articulaci\u00f3n con direcci\u00f3n de g\u00e9nero, servicio de empleo, direcci\u00f3n de investigaci\u00f3n territorial, centro de atenci\u00f3n integral adolescente, centro de promoci\u00f3n barrial y otras instituciones.<\/p>\n<p>Elaboraci\u00f3n de base de datos, se confecciona un dispositivo de investigaci\u00f3n para conocer y caracterizar a la poblaci\u00f3n que acude a las diferentes capacitaciones.<\/p>\n<p><strong>Planificaci\u00f3n y ejecuci\u00f3n de capacitaciones<\/strong><br \/>\nDestinado al equipo de trabajo ( programa adolescencia y juventud y proyecto comodoro incluye ) en diferentes tem\u00e1ticas<\/p>\n<p><strong>Reuniones de equipo de trabajo<\/strong><\/p>\n<p>Se realizan quincenalmente, para fortalecer el equipo de trabajo as\u00ed mismo planificar actividades, proyectos y diferentes acciones a realizar.<\/p>\n<p><strong>Proyecto Comodoro Incluye<\/strong><\/p>\n<p>Cuenta con un equipo t\u00e9cnico territorial e investigativo y 24 operadores, a acrgo de la responsable del equipo t\u00e9cnico municipal Lic.Mar\u00eda Esther Silva.<\/p>\n<p>En la actualidad existen en nuestra ciudad adolescentes en situaci\u00f3n de vulnerabilidad social que requieren un acompa\u00f1amiento para evitar que lleguen a una situaci\u00f3n de exclusi\u00f3n social, considerando el espacio p\u00fablico y la sociabilidad como elementos que permiten el acercamiento y la construcci\u00f3n de un v\u00ednculo que permita reforzar y sostener la inclusi\u00f3n.<\/p>\n<p><strong>Poblaci\u00f3n destinataria:<\/strong> Adolescentes entre 12 y 18 a\u00f1os de la ciudad de Comodoro Rivadavia en condiciones de vulnerabilidad social<\/p>\n<p><strong>Localizaci\u00f3n Geogr\u00e1fica:<\/strong> En el a\u00f1o 2014\u00a0 el Proyecto logr\u00f3 expandir su impacto territorial en un 80%.<\/p>\n<p>Pasando de 8 territorios (barrios) a 9 territorios. Estos 9 territorios son: B\u00b0 Standard, B\u00b0 Don Bosco , , B\u00b0 Isidro Quiroga,B\u00aa Abel Amaya B\u00b0 La Flores,B\u00aa Ceferino B\u00b0 San Cayetano, B\u00b0 M\u00e1ximo Abasolo<\/p>\n<p>Planificaci\u00f3n y elaboraci\u00f3n de proyecto por parte de los operadores con el objetivo de promover y ejecutar actividades recreativas destinadas a adolescentes proyecto presentado en el marco de pol\u00edticas publica \u201cnuestro lugar\u201d<\/p>\n<p>Promoci\u00f3n de actividades recreativas deportivas encuentros de futbol 2 anuales con participaci\u00f3n de 400 adolescentes.<\/p>\n<p>Encuentros interbarriales con participaci\u00f3n de 200 adolescentes de barrios zona norte y zona sur.<\/p>\n<p><strong>Participaci\u00f3n promoci\u00f3n de redes comunitarias.<\/strong><\/p>\n<p>Acompa\u00f1amiento en el sost\u00e9n de capacitaciones de adolescentes j\u00f3venes\u00a0gesti\u00f3n y acompa\u00f1amientos en la realizaci\u00f3n de tr\u00e1mite del DNI un total de 120 &#8211;<\/p>\n<p>Participaci\u00f3n de direcci\u00f3n y equipo t\u00e9cnico, como consejeros en las reuniones del CONAF, en representaci\u00f3n de la Secretar\u00eda de Desarrollo Humano y Familia.<\/p>\n<p>&nbsp;<\/p>\n","protected":false},"excerpt":{"rendered":"<p>La Direcci\u00f3n de Adolescencia y Juventud, dependiente de la Secretar\u00eda de Desarrollo Humano y Familia,<\/p>\n","protected":false},"author":1,"featured_media":25600,"comment_status":"closed","ping_status":"closed","sticky":false,"template":"","format":"standard","meta":{"footnotes":""},"categories":[4,17],"tags":[],"class_list":["post-25522","post","type-post","status-publish","format-standard","has-post-thumbnail","hentry","category-direccion-de-adolescencia-y-juventud","category-capacitaciones"],"_links":{"self":[{"href":"https:\/\/www.comodoro.gov.ar\/desarrollohumano\/wp-json\/wp\/v2\/posts\/25522","targetHints":{"allow":["GET"]}}],"collection":[{"href":"https:\/\/www.comodoro.gov.ar\/desarrollohumano\/wp-json\/wp\/v2\/posts"}],"about":[{"href":"https:\/\/www.comodoro.gov.ar\/desarrollohumano\/wp-json\/wp\/v2\/types\/post"}],"author":[{"embeddable":true,"href":"https:\/\/www.comodoro.gov.ar\/desarrollohumano\/wp-json\/wp\/v2\/users\/1"}],"replies":[{"embeddable":true,"href":"https:\/\/www.comodoro.gov.ar\/desarrollohumano\/wp-json\/wp\/v2\/comments?post=25522"}],"version-history":[{"count":2,"href":"https:\/\/www.comodoro.gov.ar\/desarrollohumano\/wp-json\/wp\/v2\/posts\/25522\/revisions"}],"predecessor-version":[{"id":33879,"href":"https:\/\/www.comodoro.gov.ar\/desarrollohumano\/wp-json\/wp\/v2\/posts\/25522\/revisions\/33879"}],"wp:featuredmedia":[{"embeddable":true,"href":"https:\/\/www.comodoro.gov.ar\/desarrollohumano\/wp-json\/"}],"wp:attachment":[{"href":"https:\/\/www.comodoro.gov.ar\/desarrollohumano\/wp-json\/wp\/v2\/media?parent=25522"}],"wp:term":[{"taxonomy":"category","embeddable":true,"href":"https:\/\/www.comodoro.gov.ar\/desarrollohumano\/wp-json\/wp\/v2\/categories?post=25522"},{"taxonomy":"post_tag","embeddable":true,"href":"https:\/\/www.comodoro.gov.ar\/desarrollohumano\/wp-json\/wp\/v2\/tags?post=25522"}],"curies":[{"name":"wp","href":"https:\/\/api.w.org\/{rel}","templated":true}]}}