{"id":25847,"date":"2014-09-12T11:45:07","date_gmt":"2014-09-12T14:45:07","guid":{"rendered":"http:\/\/www.comodoro.gov.ar\/desarrollohumano\/?p=25847"},"modified":"2025-07-21T10:38:03","modified_gmt":"2025-07-21T13:38:03","slug":"coordinacion-de-eventos-y-comunicacion-institucional","status":"publish","type":"post","link":"https:\/\/www.comodoro.gov.ar\/desarrollohumano\/2014\/09\/12\/coordinacion-de-eventos-y-comunicacion-institucional\/","title":{"rendered":"Comunicaci\u00f3n Social, Institucional y Period\u00edstica"},"content":{"rendered":"<p><span style=\"color: #000000;\">\u00c1rea de \u201c Comunicaci\u00f3n Social, Institucional y Period\u00edstica\u201d, contempla como misi\u00f3n poner en valor medi\u00e1tico e institucional la informaci\u00f3n municipal concerniente a las pol\u00edticas sociales vigentes, destinadas a la comunidad de Comodoro Rivadavia y a generar eventos p\u00fablicos que sean de utilidad a esta dependencia municipal.<\/span><\/p>\n<p><span style=\"color: #000000;\"> De esta manera, se establecen herramientas acordes para comunicar estrat\u00e9gicamente los alcances de las mismas en todo el ejido municipal.<\/span><\/p>\n<p><span style=\"color: #000000;\">Asimismo, desde el \u00c1rea se busca potenciar la comunicaci\u00f3n interna de la Secretar\u00eda de Desarrollo Humano y Familia, fortaleciendo los v\u00ednculos laborales de las Subsecretar\u00edas y Direcciones a su cargo.<\/span><\/p>\n<p><span style=\"color: #000000;\">En este contexto, la Comunicaci\u00f3n Institucional, se ejecuta bajo los siguientes \u00edtems:<\/span><\/p>\n<ul>\n<li><span style=\"color: #000000;\">Informar diariamente las actividades noticiables de la Secretar\u00eda de acuerdo a las vinculadas a la promoci\u00f3n y prevenci\u00f3n de pol\u00edticas p\u00fablicas, a trav\u00e9s de los medios de comunicaci\u00f3n masivos de la ciudad \u2013diarios, radios, TV y sitios web<\/span><\/li>\n<li><span style=\"color: #000000;\">Dise\u00f1ar estrategias de publicidad en medios radiales y gr\u00e1ficos de programas sociales que as\u00ed lo requieran y ejecutarlos con los recursos disponibles.<\/span><\/li>\n<li><span style=\"color: #000000;\">Dise\u00f1ar volantes, tr\u00edpticos, afiches promocionales, banners de los programas sociales que as\u00ed lo requieran.<\/span><\/li>\n<li><span style=\"color: #000000;\">Confecci\u00f3n, diagramaci\u00f3n y dise\u00f1o de herramientas de comunicaci\u00f3n interna tales como plataforma de datos y Cuadernillo de Informaci\u00f3n de la Secretar\u00eda de Desarrollo Humano y Familia.<\/span><\/li>\n<li><span style=\"color: #000000;\">Elaboraci\u00f3n de discursos p\u00fablicos, seg\u00fan establezca el titular de la cartera social.<\/span><\/li>\n<li><span style=\"color: #000000;\">Locuciones institucionales y elaboraci\u00f3n de libretos \/ guiones<\/span><\/li>\n<\/ul>\n<p><span style=\"color: #000000;\">\u00a0<\/span><\/p>\n","protected":false},"excerpt":{"rendered":"<p>\u00c1rea de \u201c Comunicaci\u00f3n Social, Institucional y Period\u00edstica\u201d, contempla como misi\u00f3n poner en valor medi\u00e1tico<\/p>\n","protected":false},"author":1,"featured_media":36074,"comment_status":"closed","ping_status":"closed","sticky":false,"template":"","format":"standard","meta":{"footnotes":""},"categories":[83],"tags":[],"class_list":["post-25847","post","type-post","status-publish","format-standard","has-post-thumbnail","hentry","category-organizacion"],"_links":{"self":[{"href":"https:\/\/www.comodoro.gov.ar\/desarrollohumano\/wp-json\/wp\/v2\/posts\/25847","targetHints":{"allow":["GET"]}}],"collection":[{"href":"https:\/\/www.comodoro.gov.ar\/desarrollohumano\/wp-json\/wp\/v2\/posts"}],"about":[{"href":"https:\/\/www.comodoro.gov.ar\/desarrollohumano\/wp-json\/wp\/v2\/types\/post"}],"author":[{"embeddable":true,"href":"https:\/\/www.comodoro.gov.ar\/desarrollohumano\/wp-json\/wp\/v2\/users\/1"}],"replies":[{"embeddable":true,"href":"https:\/\/www.comodoro.gov.ar\/desarrollohumano\/wp-json\/wp\/v2\/comments?post=25847"}],"version-history":[{"count":4,"href":"https:\/\/www.comodoro.gov.ar\/desarrollohumano\/wp-json\/wp\/v2\/posts\/25847\/revisions"}],"predecessor-version":[{"id":36086,"href":"https:\/\/www.comodoro.gov.ar\/desarrollohumano\/wp-json\/wp\/v2\/posts\/25847\/revisions\/36086"}],"wp:featuredmedia":[{"embeddable":true,"href":"https:\/\/www.comodoro.gov.ar\/desarrollohumano\/wp-json\/wp\/v2\/media\/36074"}],"wp:attachment":[{"href":"https:\/\/www.comodoro.gov.ar\/desarrollohumano\/wp-json\/wp\/v2\/media?parent=25847"}],"wp:term":[{"taxonomy":"category","embeddable":true,"href":"https:\/\/www.comodoro.gov.ar\/desarrollohumano\/wp-json\/wp\/v2\/categories?post=25847"},{"taxonomy":"post_tag","embeddable":true,"href":"https:\/\/www.comodoro.gov.ar\/desarrollohumano\/wp-json\/wp\/v2\/tags?post=25847"}],"curies":[{"name":"wp","href":"https:\/\/api.w.org\/{rel}","templated":true}]}}