{"id":27821,"date":"2015-04-09T15:00:23","date_gmt":"2015-04-09T18:00:23","guid":{"rendered":"http:\/\/www.comodoro.gov.ar\/desarrollohumano\/?p=27821"},"modified":"2024-06-26T10:23:18","modified_gmt":"2024-06-26T13:23:18","slug":"taller-de-radio-para-adultos-mayores","status":"publish","type":"post","link":"https:\/\/www.comodoro.gov.ar\/desarrollohumano\/2015\/04\/09\/taller-de-radio-para-adultos-mayores\/","title":{"rendered":"Taller de radio para adultos mayores"},"content":{"rendered":"<p>Comenz\u00f3 el Taller de &#8220;Radio Itinerante&#8221; para la tercera edad. Se brinda todos los martes, de 10:30 a 12:00 horas, en la sede que funciona en calle Salta y O\u00b4Higgins.<\/p>\n<p>Este martes comenz\u00f3 el taller gratuito de Radio Itinerante que organiza la Direcci\u00f3n de Adultos Mayores de la Secretar\u00eda de Desarrollo Humano y Familia y al respecto, se inform\u00f3 que se trata de una iniciativa que aborda el soporte radiof\u00f3nico como instrumento popular y masivo y que se lleva a cabo en el marco del Programa de Inclusi\u00f3n Social en los Multimedios. El taller est\u00e1 a cargo de la licenciada Ana Karina \u00c1vila y el periodista y locutor Marcelo Maestre.<\/p>\n<p>Cabe destacar que, el mencionado programa tiene como objetivo central la implementaci\u00f3n de una pol\u00edtica integral para la tercera edad, que promueva sus derechos e incentive su inserci\u00f3n en la comunidad; adem\u00e1s de fomentar la participaci\u00f3n de los adultos mayores en actividades recreativas.<\/p>\n<p>Uno de los participantes de la propuesta, Manuel Torres, se refiri\u00f3 al taller al comentar que \u201cme parece b\u00e1rbaro y es el segundo a\u00f1o que participo porque me gustan las t\u00e9cnicas que se nos ense\u00f1an y es un espacio para compartir con los compa\u00f1eros. Realmente es una forma de mantenernos activos y demostrar que podemos realizar actividades mientras tengamos iniciativa\u201d, asegur\u00f3.<\/p>\n<p>Por su parte, otra de las alumnas, Rosa Herrera, expres\u00f3 su agradecimiento a los profesores \u201cporque todos los martes practicamos radio y locuci\u00f3n y aprendemos muchas t\u00e9cnicas nuevas que nos fortalecen\u201d; al tiempo que invit\u00f3 a los mayores de 50 a\u00f1os a participar de esta experiencia.<\/p>\n<p>Caracter\u00edsticas del taller<\/p>\n<p>Sobre los contenidos que se abordar\u00e1n en el curso, se indic\u00f3 que se avanzar\u00e1 en el tratamiento de la palabra hablada y se pondr\u00e1 atenci\u00f3n en ampliar el vocabulario, incentivando la lectura en todos los g\u00e9neros radiales -informativo, relato, poes\u00eda y textos de distintas tem\u00e1ticas- y la comprensi\u00f3n e interpretaci\u00f3n de los contenidos de lectura, relacionados con la pol\u00edtica, el arte, la historia y cuentos y novelas.<\/p>\n<p>De la misma manera, se tratar\u00e1n el lenguaje radiof\u00f3nico, redacci\u00f3n, gui\u00f3n, locuci\u00f3n, funci\u00f3n de los g\u00e9neros musicales y la historia de la radio; adem\u00e1s de reconocer las pautas organizativas propias del trabajo en una radio, organizaci\u00f3n y l\u00f3gica de funcionamiento de una emisora radial.<\/p>\n<p>Inscripciones<\/p>\n<p>Los interesados en participar del taller, pueden inscribirse en la sede de Adultos Mayores, que funciona en calle O\u2019Higgins 497, esquina Salta, en el horario de 08:00 a 15:00, o comunicarse al tel\u00e9fono (0297) 447-6926, con DNI en mano.<\/p>\n","protected":false},"excerpt":{"rendered":"<p>Comenz\u00f3 el Taller de &#8220;Radio Itinerante&#8221; para la tercera edad. Se brinda todos los martes,<\/p>\n","protected":false},"author":1,"featured_media":27823,"comment_status":"closed","ping_status":"closed","sticky":false,"template":"","format":"standard","meta":{"footnotes":""},"categories":[1],"tags":[135,518],"class_list":["post-27821","post","type-post","status-publish","format-standard","has-post-thumbnail","hentry","category-sin-categoria","tag-adultos-mayores","tag-taller-radio"],"_links":{"self":[{"href":"https:\/\/www.comodoro.gov.ar\/desarrollohumano\/wp-json\/wp\/v2\/posts\/27821","targetHints":{"allow":["GET"]}}],"collection":[{"href":"https:\/\/www.comodoro.gov.ar\/desarrollohumano\/wp-json\/wp\/v2\/posts"}],"about":[{"href":"https:\/\/www.comodoro.gov.ar\/desarrollohumano\/wp-json\/wp\/v2\/types\/post"}],"author":[{"embeddable":true,"href":"https:\/\/www.comodoro.gov.ar\/desarrollohumano\/wp-json\/wp\/v2\/users\/1"}],"replies":[{"embeddable":true,"href":"https:\/\/www.comodoro.gov.ar\/desarrollohumano\/wp-json\/wp\/v2\/comments?post=27821"}],"version-history":[{"count":1,"href":"https:\/\/www.comodoro.gov.ar\/desarrollohumano\/wp-json\/wp\/v2\/posts\/27821\/revisions"}],"predecessor-version":[{"id":33999,"href":"https:\/\/www.comodoro.gov.ar\/desarrollohumano\/wp-json\/wp\/v2\/posts\/27821\/revisions\/33999"}],"wp:featuredmedia":[{"embeddable":true,"href":"https:\/\/www.comodoro.gov.ar\/desarrollohumano\/wp-json\/"}],"wp:attachment":[{"href":"https:\/\/www.comodoro.gov.ar\/desarrollohumano\/wp-json\/wp\/v2\/media?parent=27821"}],"wp:term":[{"taxonomy":"category","embeddable":true,"href":"https:\/\/www.comodoro.gov.ar\/desarrollohumano\/wp-json\/wp\/v2\/categories?post=27821"},{"taxonomy":"post_tag","embeddable":true,"href":"https:\/\/www.comodoro.gov.ar\/desarrollohumano\/wp-json\/wp\/v2\/tags?post=27821"}],"curies":[{"name":"wp","href":"https:\/\/api.w.org\/{rel}","templated":true}]}}