{"id":27829,"date":"2015-04-14T12:00:09","date_gmt":"2015-04-14T15:00:09","guid":{"rendered":"http:\/\/www.comodoro.gov.ar\/desarrollohumano\/?p=27829"},"modified":"2024-06-26T10:23:35","modified_gmt":"2024-06-26T13:23:35","slug":"se-realizo-jornada-de-vacunacion-contra-la-hepatitis-b","status":"publish","type":"post","link":"https:\/\/www.comodoro.gov.ar\/desarrollohumano\/2015\/04\/14\/se-realizo-jornada-de-vacunacion-contra-la-hepatitis-b\/","title":{"rendered":"Se realiz\u00f3 Jornada de vacunaci\u00f3n contra la hepatitis B"},"content":{"rendered":"<p>El\u00a0s\u00e1bado, en instalaciones de la Subsecretar\u00eda de Salud, se realiz\u00f3 la tercera jornada masiva de vacunaci\u00f3n. Seg\u00fan inform\u00f3 el subsecretario de esa \u00e1rea, Carlos Catal\u00e1, en lo que en el a\u00f1o ya se aplicaron 200 dosis, llegando a un total de 4.300 vacunas contra la hepatitis B, adem\u00e1s de otras que son exigidas para el ingreso escolar.<\/p>\n<p>Catal\u00e1 se refiri\u00f3 al alcance de estas tres jornadas masivas y se\u00f1al\u00f3 que desde el \u00e1rea de Salud se registr\u00f3 un total de 5.000 personas con el esquema completo de la vacuna contra la Hepatitis B, \u201cdatos que son cargados en internet y que se env\u00edan al \u00e1rea de Tr\u00e1nsito para facilitar los tr\u00e1mites a quienes deben renovar o sacar la licencia de conducir, ya que es uno de los requisitos\u201d.<\/p>\n<p>Por otra parte, el funcionario remarc\u00f3 que \u201cesto nos sirve a todos como comunidad para poder prevenirnos de una enfermedad similar en la v\u00eda de contagio al VIH, que puede ser hasta cien veces m\u00e1s contagiosa y terminar en un c\u00e1ncer o trasplante\u201d.<\/p>\n<p>Por \u00faltimo, se\u00f1al\u00f3 que las jornadas masivas se seguir\u00e1n realizando dos s\u00e1bados al mes, en la Subsecretar\u00eda de Salud sita en Sarmiento 680, en el horario de 9 a 13.<\/p>\n","protected":false},"excerpt":{"rendered":"<p>El\u00a0s\u00e1bado, en instalaciones de la Subsecretar\u00eda de Salud, se realiz\u00f3 la tercera jornada masiva de<\/p>\n","protected":false},"author":1,"featured_media":27826,"comment_status":"closed","ping_status":"closed","sticky":false,"template":"","format":"standard","meta":{"footnotes":""},"categories":[79],"tags":[334,364,550],"class_list":["post-27829","post","type-post","status-publish","format-standard","has-post-thumbnail","hentry","category-noticias","tag-hepatitis-b","tag-jornada","tag-vacunacion"],"_links":{"self":[{"href":"https:\/\/www.comodoro.gov.ar\/desarrollohumano\/wp-json\/wp\/v2\/posts\/27829","targetHints":{"allow":["GET"]}}],"collection":[{"href":"https:\/\/www.comodoro.gov.ar\/desarrollohumano\/wp-json\/wp\/v2\/posts"}],"about":[{"href":"https:\/\/www.comodoro.gov.ar\/desarrollohumano\/wp-json\/wp\/v2\/types\/post"}],"author":[{"embeddable":true,"href":"https:\/\/www.comodoro.gov.ar\/desarrollohumano\/wp-json\/wp\/v2\/users\/1"}],"replies":[{"embeddable":true,"href":"https:\/\/www.comodoro.gov.ar\/desarrollohumano\/wp-json\/wp\/v2\/comments?post=27829"}],"version-history":[{"count":1,"href":"https:\/\/www.comodoro.gov.ar\/desarrollohumano\/wp-json\/wp\/v2\/posts\/27829\/revisions"}],"predecessor-version":[{"id":34000,"href":"https:\/\/www.comodoro.gov.ar\/desarrollohumano\/wp-json\/wp\/v2\/posts\/27829\/revisions\/34000"}],"wp:featuredmedia":[{"embeddable":true,"href":"https:\/\/www.comodoro.gov.ar\/desarrollohumano\/wp-json\/"}],"wp:attachment":[{"href":"https:\/\/www.comodoro.gov.ar\/desarrollohumano\/wp-json\/wp\/v2\/media?parent=27829"}],"wp:term":[{"taxonomy":"category","embeddable":true,"href":"https:\/\/www.comodoro.gov.ar\/desarrollohumano\/wp-json\/wp\/v2\/categories?post=27829"},{"taxonomy":"post_tag","embeddable":true,"href":"https:\/\/www.comodoro.gov.ar\/desarrollohumano\/wp-json\/wp\/v2\/tags?post=27829"}],"curies":[{"name":"wp","href":"https:\/\/api.w.org\/{rel}","templated":true}]}}