{"id":27869,"date":"2015-04-28T16:42:09","date_gmt":"2015-04-28T19:42:09","guid":{"rendered":"http:\/\/www.comodoro.gov.ar\/desarrollohumano\/?p=27869"},"modified":"2024-06-26T10:28:38","modified_gmt":"2024-06-26T13:28:38","slug":"comienza-el-programa-jovenes-con-mas-y-mejor-trabajo","status":"publish","type":"post","link":"https:\/\/www.comodoro.gov.ar\/desarrollohumano\/2015\/04\/28\/comienza-el-programa-jovenes-con-mas-y-mejor-trabajo\/","title":{"rendered":"Comienza el Programa &#8220;J\u00f3venes con M\u00e1s y Mejor Trabajo&#8221;"},"content":{"rendered":"<p>Promovido por el Ministerio de Trabajo, Empleo y Seguridad Social de la Naci\u00f3n e impulsado por el Municipio local, a trav\u00e9s de la Oficina de Empleo de la Secretar\u00eda de Desarrollo Humano y Familia, a mediados de mayo se pondr\u00e1 en vigencia el Programa J\u00f3venes con M\u00e1s y Mejor Trabajo, destinado a personas entre 18 y 24 a\u00f1os que no hayan finalizado sus estudios primarios o secundarios y que deseen insertarse en el \u00e1mbito laboral.<\/p>\n<p>Se convoc\u00f3 a 8 talleristas que brindar\u00e1n el curso de Introducci\u00f3n al Mundo del Trabajo para completar su formaci\u00f3n profesional y de esa manera, responder a las exigencias de los m\u00e1s de 100 j\u00f3venes que formar\u00e1n parte de la mencionada propuesta.<\/p>\n<p>Al respecto, la directora de la Oficina de Empleo Municipal, Amelia Carrizo, explic\u00f3 que es importante fortalecer el profesionalismo de quienes coordinar\u00e1n el primer curso \u201cporque son los que estar\u00e1n en contacto con los j\u00f3venes que quieren finalizar sus estudios e insertarse en el mercado laboral\u201d.<\/p>\n<p>Asimismo, asegur\u00f3 que \u201chay muchos interesados en sumarse a este Programa, que desde hace muchos a\u00f1os se desarrolla en la ciudad con el objetivo de acompa\u00f1arlos en el trayecto de definici\u00f3n de su perfil ocupacional, en el que fortalecen o descubren sus capacidades y se detecta lo que les hace falta para llegar a la b\u00fasqueda de empleo en las mejores condiciones posibles\u201d.<\/p>\n<p>El Programa se pondr\u00e1 en marcha a mediados del mes de mayo y \u00a0el n\u00famero de inscriptos supera las 100 personas. \u00a0En esta primera instancia de J\u00f3venes con M\u00e1s y Mejor Trabajo, que se extender\u00e1 por un per\u00edodo de tres meses, el curso introductorio se dictar\u00e1 en cuatro sedes: el Centro Cultural, el CPB Los Grillitos, el CPB Evita y la Asociaci\u00f3n Vecinal de barrio San Cayetano, para facilitar la accesibilidad de todos los j\u00f3venes de Comodoro.<\/p>\n<p>Por su parte, la gerente de Empleo del Ministerio de Trabajo de Naci\u00f3n, Fernanda Novak, se refiri\u00f3 al curso de Introducci\u00f3n al Mundo del Trabajo, en el que se abordar\u00e1n las tem\u00e1ticas vinculadas al Proyecto Formativo Ocupacional, Derecho Laboral, Salud en el Trabajo y Alfabetizaci\u00f3n Digital.<br \/>\n\u201cSe trata del primer paso que realizan estos j\u00f3venes, que definir\u00e1 el c\u00f3mo van a continuar para mejorar sus condiciones de empleabilidad. Una vez terminado, seg\u00fan el proyecto formativo profesional que se haya diagramado para cada uno de ellos, los j\u00f3venes son derivados a distintas prestaciones, tales como completar una determinada formaci\u00f3n, la terminalidad educativa, la acci\u00f3n de entrenamiento en el sector privado o la ejecuci\u00f3n de proyectos de empleo independiente\u201d, explic\u00f3.<\/p>\n<p>Por \u00faltimo y en otro orden, la referente del Ministerio puso en valor el trabajo que se lleva adelante desde la Oficina Municipal de Empleo, al manifestar que \u201clogra una fuerte presencia del Programa en la ciudad, a trav\u00e9s de una destacada tarea de convocatoria de los j\u00f3venes en sus territorios\u201d.<\/p>\n<p>Inscripciones<\/p>\n<p>Los interesados en sumarse al Programa J\u00f3venes con M\u00e1s y Mejor Trabajo deber\u00e1n acercarse hasta la Oficina de Empleo Municipal, sita en calle Maip\u00fa 1420, entre Saavedra y Alvear, con DNI y n\u00famero de cuil en mano.<\/p>\n","protected":false},"excerpt":{"rendered":"<p>Promovido por el Ministerio de Trabajo, Empleo y Seguridad Social de la Naci\u00f3n e impulsado<\/p>\n","protected":false},"author":1,"featured_media":27870,"comment_status":"closed","ping_status":"closed","sticky":false,"template":"","format":"standard","meta":{"footnotes":""},"categories":[79],"tags":[367,464],"class_list":["post-27869","post","type-post","status-publish","format-standard","has-post-thumbnail","hentry","category-noticias","tag-jovenes-con-mas-y-mejor-trabajo","tag-programa-jovenes"],"_links":{"self":[{"href":"https:\/\/www.comodoro.gov.ar\/desarrollohumano\/wp-json\/wp\/v2\/posts\/27869","targetHints":{"allow":["GET"]}}],"collection":[{"href":"https:\/\/www.comodoro.gov.ar\/desarrollohumano\/wp-json\/wp\/v2\/posts"}],"about":[{"href":"https:\/\/www.comodoro.gov.ar\/desarrollohumano\/wp-json\/wp\/v2\/types\/post"}],"author":[{"embeddable":true,"href":"https:\/\/www.comodoro.gov.ar\/desarrollohumano\/wp-json\/wp\/v2\/users\/1"}],"replies":[{"embeddable":true,"href":"https:\/\/www.comodoro.gov.ar\/desarrollohumano\/wp-json\/wp\/v2\/comments?post=27869"}],"version-history":[{"count":2,"href":"https:\/\/www.comodoro.gov.ar\/desarrollohumano\/wp-json\/wp\/v2\/posts\/27869\/revisions"}],"predecessor-version":[{"id":34010,"href":"https:\/\/www.comodoro.gov.ar\/desarrollohumano\/wp-json\/wp\/v2\/posts\/27869\/revisions\/34010"}],"wp:featuredmedia":[{"embeddable":true,"href":"https:\/\/www.comodoro.gov.ar\/desarrollohumano\/wp-json\/"}],"wp:attachment":[{"href":"https:\/\/www.comodoro.gov.ar\/desarrollohumano\/wp-json\/wp\/v2\/media?parent=27869"}],"wp:term":[{"taxonomy":"category","embeddable":true,"href":"https:\/\/www.comodoro.gov.ar\/desarrollohumano\/wp-json\/wp\/v2\/categories?post=27869"},{"taxonomy":"post_tag","embeddable":true,"href":"https:\/\/www.comodoro.gov.ar\/desarrollohumano\/wp-json\/wp\/v2\/tags?post=27869"}],"curies":[{"name":"wp","href":"https:\/\/api.w.org\/{rel}","templated":true}]}}