{"id":29453,"date":"2016-03-18T09:47:08","date_gmt":"2016-03-18T12:47:08","guid":{"rendered":"http:\/\/www.comodoro.gov.ar\/desarrollohumano\/?p=29453"},"modified":"2025-05-15T10:45:38","modified_gmt":"2025-05-15T13:45:38","slug":"se-conmemora-el-dia-de-promocion-de-los-derechos-de-las-personas-trans","status":"publish","type":"post","link":"https:\/\/www.comodoro.gov.ar\/desarrollohumano\/2016\/03\/18\/se-conmemora-el-dia-de-promocion-de-los-derechos-de-las-personas-trans\/","title":{"rendered":"Se conmemora el D\u00eda de Promoci\u00f3n de los Derechos de las Personas Trans"},"content":{"rendered":"<p>Una vez m\u00e1s la Secretar\u00eda de Desarrollo Humano y Familia decide conmemorar este d\u00eda tan importante en lo que refiere a la reivindicaci\u00f3n de derechos. Por tal motivo, este viernes a las 14:00 en el Auditorio del Centro Cultural se generar\u00e1 un espacio de Cine &#8211; Debate con la proyecci\u00f3n del documental \u201cSi te viera tu madre, huellas de una leona\u201d.<\/p>\n<p>Este tipo de actividades organizadas por el \u00e1rea de Diversidad LGBT y Minor\u00edas son de suma importancia para generar conciencia en la comunidad y para abrirnos al debate en temas que muchas veces son dejados de lado.<\/p>\n<p>La subsecretaria de Ni\u00f1ez, Adolescencia y Familia, Celia Gandini, hizo extensiva la invitaci\u00f3n a toda la comunidad a esta propuesta libre y gratuita y destac\u00f3 que este tipo de fechas no pasen desapercibidas y se rinda homenaje a quienes lucharon por los derechos de las minor\u00edas.<\/p>\n<p><strong>Acerca de la fecha<\/strong><\/p>\n<p>El 18 de marzo de 2012 falleci\u00f3 en la ciudad de Buenos Aires la activista trans Claudia P\u00eda Baudracco quien fue fundadora de ATTTA y la FALGBT, y una de las principales voces en el debate por la ley de Identidad de G\u00e9nero, aunque su temprana partida le impidi\u00f3 ver concretado el gran anhelo de su vida: ser reconocida legalmente con su nombre y g\u00e9nero.<\/p>\n<p>La Legislatura de la Ciudad de Buenos Aires instituy\u00f3 este d\u00eda como Jornada de promoci\u00f3n de los derechos de las personas trans, que convoca al reclamo por los derechos postergados a nivel nacional.<\/p>\n<p>A partir de la sanci\u00f3n de esta Ley en 2012, Argentina permite que las personas trans (travestis, transexuales y transg\u00e9nero) puedan inscribirse en sus documentos personales con el nombre y el sexo de elecci\u00f3n.<\/p>\n<p>El 9 de mayo de 2012 el Congreso de la Naci\u00f3n aprob\u00f3 la Ley de Identidad de G\u00e9nero que desde el a\u00f1o 2007 impulsaron la Federaci\u00f3n Argentina de Lesbianas, Gays, Bisexuales y Trans (FALGBT) y la Asociaci\u00f3n de Travestis, Transexuales y Transg\u00e9neros de Argentina (ATTTA).<\/p>\n<p>Esta ley, que es la m\u00e1s avanzada del mundo, reconoce el derecho de las personas trans a su identidad, y promueve el pleno acceso a todos los derechos, tras d\u00e9cadas de silencio y negaci\u00f3n de los mismos.<\/p>\n","protected":false},"excerpt":{"rendered":"<p>Una vez m\u00e1s la Secretar\u00eda de Desarrollo Humano y Familia decide conmemorar este d\u00eda tan<\/p>\n","protected":false},"author":1,"featured_media":29454,"comment_status":"closed","ping_status":"closed","sticky":false,"template":"","format":"standard","meta":{"footnotes":""},"categories":[79],"tags":[251,269,545],"class_list":["post-29453","post","type-post","status-publish","format-standard","has-post-thumbnail","hentry","category-noticias","tag-derechos","tag-direccion-de-genero","tag-trans"],"_links":{"self":[{"href":"https:\/\/www.comodoro.gov.ar\/desarrollohumano\/wp-json\/wp\/v2\/posts\/29453","targetHints":{"allow":["GET"]}}],"collection":[{"href":"https:\/\/www.comodoro.gov.ar\/desarrollohumano\/wp-json\/wp\/v2\/posts"}],"about":[{"href":"https:\/\/www.comodoro.gov.ar\/desarrollohumano\/wp-json\/wp\/v2\/types\/post"}],"author":[{"embeddable":true,"href":"https:\/\/www.comodoro.gov.ar\/desarrollohumano\/wp-json\/wp\/v2\/users\/1"}],"replies":[{"embeddable":true,"href":"https:\/\/www.comodoro.gov.ar\/desarrollohumano\/wp-json\/wp\/v2\/comments?post=29453"}],"version-history":[{"count":1,"href":"https:\/\/www.comodoro.gov.ar\/desarrollohumano\/wp-json\/wp\/v2\/posts\/29453\/revisions"}],"predecessor-version":[{"id":35698,"href":"https:\/\/www.comodoro.gov.ar\/desarrollohumano\/wp-json\/wp\/v2\/posts\/29453\/revisions\/35698"}],"wp:featuredmedia":[{"embeddable":true,"href":"https:\/\/www.comodoro.gov.ar\/desarrollohumano\/wp-json\/"}],"wp:attachment":[{"href":"https:\/\/www.comodoro.gov.ar\/desarrollohumano\/wp-json\/wp\/v2\/media?parent=29453"}],"wp:term":[{"taxonomy":"category","embeddable":true,"href":"https:\/\/www.comodoro.gov.ar\/desarrollohumano\/wp-json\/wp\/v2\/categories?post=29453"},{"taxonomy":"post_tag","embeddable":true,"href":"https:\/\/www.comodoro.gov.ar\/desarrollohumano\/wp-json\/wp\/v2\/tags?post=29453"}],"curies":[{"name":"wp","href":"https:\/\/api.w.org\/{rel}","templated":true}]}}