{"id":29634,"date":"2016-06-16T09:23:33","date_gmt":"2016-06-16T12:23:33","guid":{"rendered":"http:\/\/www.comodoro.gov.ar\/desarrollohumano\/?p=29634"},"modified":"2024-06-27T10:08:33","modified_gmt":"2024-06-27T13:08:33","slug":"se-llevo-adelante-la-presentacion-del-libro-de-los-doctores-urbano-y-yuni","status":"publish","type":"post","link":"https:\/\/www.comodoro.gov.ar\/desarrollohumano\/2016\/06\/16\/se-llevo-adelante-la-presentacion-del-libro-de-los-doctores-urbano-y-yuni\/","title":{"rendered":"Se llev\u00f3 adelante la presentaci\u00f3n del libro de los doctores Urbano y Yuni"},"content":{"rendered":"<p>Este mi\u00e9rcoles por la tarde en instalaciones de la Asociaci\u00f3n Portuguesa, se concret\u00f3 el lanzamiento en nuestra ciudad de un destacado libro que aborda la importancia del aprendizaje en el Adulto Mayor &#8220;Envejecer aprendiendo&#8221;.<\/p>\n<p>El evento organizado por el Programa de Adultos Mayores de la Universidad Nacional de la Patag\u00f3nica cont\u00f3 con el acompa\u00f1amiento del \u00e1rea de adultos mayores de la cartera social municipal.<\/p>\n","protected":false},"excerpt":{"rendered":"<p>Este mi\u00e9rcoles por la tarde en instalaciones de la Asociaci\u00f3n Portuguesa, se concret\u00f3 el lanzamiento<\/p>\n","protected":false},"author":1,"featured_media":29635,"comment_status":"closed","ping_status":"closed","sticky":false,"template":"","format":"standard","meta":{"footnotes":""},"categories":[79],"tags":[135],"class_list":["post-29634","post","type-post","status-publish","format-standard","has-post-thumbnail","hentry","category-noticias","tag-adultos-mayores"],"_links":{"self":[{"href":"https:\/\/www.comodoro.gov.ar\/desarrollohumano\/wp-json\/wp\/v2\/posts\/29634","targetHints":{"allow":["GET"]}}],"collection":[{"href":"https:\/\/www.comodoro.gov.ar\/desarrollohumano\/wp-json\/wp\/v2\/posts"}],"about":[{"href":"https:\/\/www.comodoro.gov.ar\/desarrollohumano\/wp-json\/wp\/v2\/types\/post"}],"author":[{"embeddable":true,"href":"https:\/\/www.comodoro.gov.ar\/desarrollohumano\/wp-json\/wp\/v2\/users\/1"}],"replies":[{"embeddable":true,"href":"https:\/\/www.comodoro.gov.ar\/desarrollohumano\/wp-json\/wp\/v2\/comments?post=29634"}],"version-history":[{"count":1,"href":"https:\/\/www.comodoro.gov.ar\/desarrollohumano\/wp-json\/wp\/v2\/posts\/29634\/revisions"}],"predecessor-version":[{"id":34207,"href":"https:\/\/www.comodoro.gov.ar\/desarrollohumano\/wp-json\/wp\/v2\/posts\/29634\/revisions\/34207"}],"wp:featuredmedia":[{"embeddable":true,"href":"https:\/\/www.comodoro.gov.ar\/desarrollohumano\/wp-json\/"}],"wp:attachment":[{"href":"https:\/\/www.comodoro.gov.ar\/desarrollohumano\/wp-json\/wp\/v2\/media?parent=29634"}],"wp:term":[{"taxonomy":"category","embeddable":true,"href":"https:\/\/www.comodoro.gov.ar\/desarrollohumano\/wp-json\/wp\/v2\/categories?post=29634"},{"taxonomy":"post_tag","embeddable":true,"href":"https:\/\/www.comodoro.gov.ar\/desarrollohumano\/wp-json\/wp\/v2\/tags?post=29634"}],"curies":[{"name":"wp","href":"https:\/\/api.w.org\/{rel}","templated":true}]}}