{"id":29707,"date":"2016-06-23T10:03:50","date_gmt":"2016-06-23T13:03:50","guid":{"rendered":"http:\/\/www.comodoro.gov.ar\/desarrollohumano\/?p=29707"},"modified":"2024-06-27T10:09:27","modified_gmt":"2024-06-27T13:09:27","slug":"cud-pension-nacional-por-discapacidad","status":"publish","type":"post","link":"https:\/\/www.comodoro.gov.ar\/desarrollohumano\/2016\/06\/23\/cud-pension-nacional-por-discapacidad\/","title":{"rendered":"CUD &#8211; Pensi\u00f3n Nacional por Discapacidad"},"content":{"rendered":"<p>\u00bfC\u00f3mo tramitar el CUD ( Certificado \u00danico por Discapacidad)<\/p>\n<p>Solicitar turno en el Servicio de Rehabilitaci\u00f3n donde ser\u00e1 entrevistado por una junta\u00a0evaluadora responsable de dictaminar el otorgamiento del CUD<\/p>\n<p>Direcci\u00f3n: Democracia N\u00ba 660- TEL: 4473563.Lunes a Viernes de 8 hs. a 12 hs.<\/p>\n<p>\u00bfC\u00f3mo tramitar la Pensi\u00f3n Nacional No Contributiva por Invalidez?<\/p>\n<p>Para\u00a0 acceder a obtener la Pensi\u00f3n Nacional No Contributiva por Invalidez, podr\u00e1 hacerlo siempre y cuando no perciba jubilaci\u00f3n o pensi\u00f3n. La situaci\u00f3n econ\u00f3mica de la persona o grupo familiar ser\u00e1 evaluada seg\u00fan ingresos, si tienen vivienda propia, cantidad de integrantes, si posee veh\u00edculo y otras variables etc. El tiempo de tramitaci\u00f3n se estima alrededor De un a\u00f1o aprox. o puede prolongarse unos meses m\u00e1s. Debe gestionarse a trav\u00e9s de la Anses<\/p>\n","protected":false},"excerpt":{"rendered":"<p>\u00bfC\u00f3mo tramitar el CUD ( Certificado \u00danico por Discapacidad) Solicitar turno en el Servicio de<\/p>\n","protected":false},"author":1,"featured_media":0,"comment_status":"closed","ping_status":"closed","sticky":false,"template":"","format":"standard","meta":{"footnotes":""},"categories":[34,104],"tags":[],"class_list":["post-29707","post","type-post","status-publish","format-standard","hentry","category-discapacidad-2","category-tramites"],"_links":{"self":[{"href":"https:\/\/www.comodoro.gov.ar\/desarrollohumano\/wp-json\/wp\/v2\/posts\/29707","targetHints":{"allow":["GET"]}}],"collection":[{"href":"https:\/\/www.comodoro.gov.ar\/desarrollohumano\/wp-json\/wp\/v2\/posts"}],"about":[{"href":"https:\/\/www.comodoro.gov.ar\/desarrollohumano\/wp-json\/wp\/v2\/types\/post"}],"author":[{"embeddable":true,"href":"https:\/\/www.comodoro.gov.ar\/desarrollohumano\/wp-json\/wp\/v2\/users\/1"}],"replies":[{"embeddable":true,"href":"https:\/\/www.comodoro.gov.ar\/desarrollohumano\/wp-json\/wp\/v2\/comments?post=29707"}],"version-history":[{"count":1,"href":"https:\/\/www.comodoro.gov.ar\/desarrollohumano\/wp-json\/wp\/v2\/posts\/29707\/revisions"}],"predecessor-version":[{"id":34211,"href":"https:\/\/www.comodoro.gov.ar\/desarrollohumano\/wp-json\/wp\/v2\/posts\/29707\/revisions\/34211"}],"wp:attachment":[{"href":"https:\/\/www.comodoro.gov.ar\/desarrollohumano\/wp-json\/wp\/v2\/media?parent=29707"}],"wp:term":[{"taxonomy":"category","embeddable":true,"href":"https:\/\/www.comodoro.gov.ar\/desarrollohumano\/wp-json\/wp\/v2\/categories?post=29707"},{"taxonomy":"post_tag","embeddable":true,"href":"https:\/\/www.comodoro.gov.ar\/desarrollohumano\/wp-json\/wp\/v2\/tags?post=29707"}],"curies":[{"name":"wp","href":"https:\/\/api.w.org\/{rel}","templated":true}]}}