{"id":31239,"date":"2018-04-10T10:21:52","date_gmt":"2018-04-10T13:21:52","guid":{"rendered":"http:\/\/www.comodoro.gov.ar\/desarrollohumano\/?p=31239"},"modified":"2024-07-01T14:03:19","modified_gmt":"2024-07-01T17:03:19","slug":"rey-tenemos-bien-organizadas-todas-las-acciones-para-que-esta-ayuda-social-se-lleve-adelante-con-exito-siempre-cubriendo-y-dando-paliativos-a-las-necesidades-de-la-gente","status":"publish","type":"post","link":"https:\/\/www.comodoro.gov.ar\/desarrollohumano\/2018\/04\/10\/rey-tenemos-bien-organizadas-todas-las-acciones-para-que-esta-ayuda-social-se-lleve-adelante-con-exito-siempre-cubriendo-y-dando-paliativos-a-las-necesidades-de-la-gente\/","title":{"rendered":"Rey: \u201cTenemos bien organizadas todas las acciones para que esta ayuda social se lleve adelante con \u00e9xito, siempre cubriendo y dando paliativos a las necesidades de la gente\u201d"},"content":{"rendered":"<p>As\u00ed lo se\u00f1al\u00f3 el responsable de Secretar\u00eda de Desarrollo Humano y Familia, Marcelo Rey, quien tambi\u00e9n explic\u00f3 que la entrega de bolsones de le\u00f1a, que se realiza en el marco del Plan Calor, se concretar\u00e1 durante todos los d\u00edas de la semana; teniendo en cuenta la proximidad de la \u00e9poca de fr\u00edo.<\/p>\n<p>&nbsp;<\/p>\n<p>En esa l\u00ednea, record\u00f3 la modalidad de trabajo, al indicar que \u201cdesde el Municipio procedemos a la distribuci\u00f3n de le\u00f1a en todas las asociaciones vecinales y desde esos espacios, realizan la entrega a quienes m\u00e1s lo necesitan\u201d.<\/p>\n<p>Asimismo, el secretario indic\u00f3 que \u201ctodo este plan de trabajo se completa con un registro que realizan los vecinalistas, en el que figura qu\u00e9 familias y con cu\u00e1nta periodicidad retiran estos bolsones de le\u00f1a.<\/p>\n<p>En ese tenor, el funcionario comunic\u00f3 que \u201cla secretar\u00eda cuenta con todos los bolsones de le\u00f1a y el recurso humano necesario para llevar a cabo el Plan Calor; y la puesta en marcha al 100% de esta ayuda a la comunidad ya fue notificada a los vecinalistas, quienes saben acompa\u00f1ar esta decisi\u00f3n pol\u00edtica. Adem\u00e1s \u2013continu\u00f3- tambi\u00e9n disponemos de colchones, frazadas y nylon para los casos que as\u00ed lo ameriten\u201d.<\/p>\n<p>Para finalizar el funcionario destac\u00f3\u00a0 que \u201cel Plan Calor se desarrolla durante todo el a\u00f1o, pero en \u00e9pocas de bajas temperaturas se incrementa su distribuci\u00f3n para lograr una cobertura en esta necesidad, en todos los barrios de Comodoro\u201d.<\/p>\n<p>&nbsp;<\/p>\n","protected":false},"excerpt":{"rendered":"<p>As\u00ed lo se\u00f1al\u00f3 el responsable de Secretar\u00eda de Desarrollo Humano y Familia, Marcelo Rey, quien<\/p>\n","protected":false},"author":1,"featured_media":31240,"comment_status":"closed","ping_status":"closed","sticky":false,"template":"","format":"standard","meta":{"footnotes":""},"categories":[31,79],"tags":[],"class_list":["post-31239","post","type-post","status-publish","format-standard","has-post-thumbnail","hentry","category-destacada","category-noticias"],"_links":{"self":[{"href":"https:\/\/www.comodoro.gov.ar\/desarrollohumano\/wp-json\/wp\/v2\/posts\/31239","targetHints":{"allow":["GET"]}}],"collection":[{"href":"https:\/\/www.comodoro.gov.ar\/desarrollohumano\/wp-json\/wp\/v2\/posts"}],"about":[{"href":"https:\/\/www.comodoro.gov.ar\/desarrollohumano\/wp-json\/wp\/v2\/types\/post"}],"author":[{"embeddable":true,"href":"https:\/\/www.comodoro.gov.ar\/desarrollohumano\/wp-json\/wp\/v2\/users\/1"}],"replies":[{"embeddable":true,"href":"https:\/\/www.comodoro.gov.ar\/desarrollohumano\/wp-json\/wp\/v2\/comments?post=31239"}],"version-history":[{"count":1,"href":"https:\/\/www.comodoro.gov.ar\/desarrollohumano\/wp-json\/wp\/v2\/posts\/31239\/revisions"}],"predecessor-version":[{"id":34494,"href":"https:\/\/www.comodoro.gov.ar\/desarrollohumano\/wp-json\/wp\/v2\/posts\/31239\/revisions\/34494"}],"wp:featuredmedia":[{"embeddable":true,"href":"https:\/\/www.comodoro.gov.ar\/desarrollohumano\/wp-json\/"}],"wp:attachment":[{"href":"https:\/\/www.comodoro.gov.ar\/desarrollohumano\/wp-json\/wp\/v2\/media?parent=31239"}],"wp:term":[{"taxonomy":"category","embeddable":true,"href":"https:\/\/www.comodoro.gov.ar\/desarrollohumano\/wp-json\/wp\/v2\/categories?post=31239"},{"taxonomy":"post_tag","embeddable":true,"href":"https:\/\/www.comodoro.gov.ar\/desarrollohumano\/wp-json\/wp\/v2\/tags?post=31239"}],"curies":[{"name":"wp","href":"https:\/\/api.w.org\/{rel}","templated":true}]}}