{"id":32033,"date":"2018-11-30T12:15:53","date_gmt":"2018-11-30T15:15:53","guid":{"rendered":"http:\/\/www.comodoro.gov.ar\/desarrollohumano\/?p=32033"},"modified":"2024-07-02T12:15:34","modified_gmt":"2024-07-02T15:15:34","slug":"rey-trabajamos-para-que-nuestros-jovenes-puedan-ingresar-al-circuito-laboral","status":"publish","type":"post","link":"https:\/\/www.comodoro.gov.ar\/desarrollohumano\/2018\/11\/30\/rey-trabajamos-para-que-nuestros-jovenes-puedan-ingresar-al-circuito-laboral\/","title":{"rendered":"Rey \u201cTrabajamos para que nuestros j\u00f3venes puedan ingresar al circuito laboral\u201d"},"content":{"rendered":"<p>As\u00ed lo manifest\u00f3 el Secretario de Desarrollo Humano Y Familia, Marcelo Rey, luego de la Firma de Acci\u00f3n de Entrenamiento (AET) en el trabajo, que se realiz\u00f3 en horas de la ma\u00f1ana. En esta oportunidad, 11 j\u00f3venes de la ciudad se entrenar\u00e1n en la empresa CIMES desempe\u00f1ando tareas atenci\u00f3n al cliente, administrativas, atenci\u00f3n al cliente, operario industrial y servicio t\u00e9cnico. Mientras que la empresa Balbi entrenara a 3 j\u00f3venes \u00a0en puestos de atenci\u00f3n al cliente.<\/p>\n<p>Esta acci\u00f3n se hace posible a trav\u00e9s del Servicio Municipal de Empleo, del \u201cPrograma J\u00f3venes con M\u00e1s y Mejor Trabajo\u201d dependiente de la Secretar\u00eda de Desarrollo Humano y Familia de la Municipalidad de Comodoro Rivadavia que ejecuta m\u00faltiples acciones de manera mancomunada con otros Organismos P\u00fablicos, empresas y comercios que adhieren a esta propuesta.<\/p>\n<p>Los j\u00f3venes que participan en las acciones de entrenamiento atraviesan por modalidades de capacitaci\u00f3n y formaci\u00f3n grupales, curso de Introducci\u00f3n al Trabajo (CIT), Club de Empleo, Taller orientaci\u00f3n laboral hasta las instancias de orientaci\u00f3n individual donde se aborda y problematiza los recorridos ocupacionales de los j\u00f3venes.<\/p>\n<p>En este contexto, el Secretario de Desarrollo Humano y Familia Marcelo Rey, destac\u00f3 \u201cDesde el Servicio Municipal de empleo de la Secretar\u00eda de Desarrollo Humano y Familia ponemos en valor los procesos de formaci\u00f3n y tutor\u00eda en pos de enriquecer y fortalecer las destrezas y habilidades de trabajadores m\u00e1s j\u00f3venes, y de este modo mejorar las condiciones de empleabilidad y contribuir as\u00ed al fortalecimiento de la productividad de la empresa empleadora\u201d.<\/p>\n<p>Ignacio Quiroga, responsable de la empresa CIMES se mostr\u00f3 optimista con el ingreso de los j\u00f3venes se\u00f1alando \u201cSomos una empresa que apostamos al crecimiento local y a los j\u00f3venes de la ciudad. La idea es que ellos salgan con conocimientos reales de lo que es un oficio, es una sinergia entre la empresa, municipio y los chicos que se entrenan con nosotros. Ser\u00e1 un entrenamiento intensivo de 4 meses y finalizado el tiempo, esperamos que varios de ellos puedan seguir como empleados\u201d<\/p>\n<p>Cabe destacar que el programa apunta a fortalecer la autonom\u00eda en la toma y resoluci\u00f3n de decisiones adultas, como es la participaci\u00f3n en la primera entrevista formal laboral, terminar un proceso educativo, emprender la gesti\u00f3n de un proyecto productivo, \u201cSe trabaja en fortalecer el aprendizaje de t\u00e9cnicas mediante la ejecuci\u00f3n de un oficio, asociarse con otros j\u00f3venes en una actividad laboral, dar el consentimiento y asumir la responsabilidad de participar en actividades de inter\u00e9s laboral, entre otras acciones\u201d se\u00f1al\u00f3 Rey\u201d<\/p>\n<p>\u201cEl pa\u00eds atraviesa un momento muy cr\u00edtico a nivel econ\u00f3mico y social, por eso concretamos acciones para que nuestros cuenten con herramientas\u00a0 para ingresar al circuito laboral capacitados\u201d finalizo Rey.<\/p>\n","protected":false},"excerpt":{"rendered":"<p>As\u00ed lo manifest\u00f3 el Secretario de Desarrollo Humano Y Familia, Marcelo Rey, luego de la<\/p>\n","protected":false},"author":1,"featured_media":0,"comment_status":"closed","ping_status":"closed","sticky":false,"template":"","format":"standard","meta":{"footnotes":""},"categories":[30,79,97],"tags":[],"class_list":["post-32033","post","type-post","status-publish","format-standard","hentry","category-proteccion-derechos","category-noticias","category-servicio-de-empleo"],"_links":{"self":[{"href":"https:\/\/www.comodoro.gov.ar\/desarrollohumano\/wp-json\/wp\/v2\/posts\/32033","targetHints":{"allow":["GET"]}}],"collection":[{"href":"https:\/\/www.comodoro.gov.ar\/desarrollohumano\/wp-json\/wp\/v2\/posts"}],"about":[{"href":"https:\/\/www.comodoro.gov.ar\/desarrollohumano\/wp-json\/wp\/v2\/types\/post"}],"author":[{"embeddable":true,"href":"https:\/\/www.comodoro.gov.ar\/desarrollohumano\/wp-json\/wp\/v2\/users\/1"}],"replies":[{"embeddable":true,"href":"https:\/\/www.comodoro.gov.ar\/desarrollohumano\/wp-json\/wp\/v2\/comments?post=32033"}],"version-history":[{"count":1,"href":"https:\/\/www.comodoro.gov.ar\/desarrollohumano\/wp-json\/wp\/v2\/posts\/32033\/revisions"}],"predecessor-version":[{"id":34600,"href":"https:\/\/www.comodoro.gov.ar\/desarrollohumano\/wp-json\/wp\/v2\/posts\/32033\/revisions\/34600"}],"wp:attachment":[{"href":"https:\/\/www.comodoro.gov.ar\/desarrollohumano\/wp-json\/wp\/v2\/media?parent=32033"}],"wp:term":[{"taxonomy":"category","embeddable":true,"href":"https:\/\/www.comodoro.gov.ar\/desarrollohumano\/wp-json\/wp\/v2\/categories?post=32033"},{"taxonomy":"post_tag","embeddable":true,"href":"https:\/\/www.comodoro.gov.ar\/desarrollohumano\/wp-json\/wp\/v2\/tags?post=32033"}],"curies":[{"name":"wp","href":"https:\/\/api.w.org\/{rel}","templated":true}]}}