{"id":32036,"date":"2018-12-01T21:35:23","date_gmt":"2018-12-02T00:35:23","guid":{"rendered":"http:\/\/www.comodoro.gov.ar\/desarrollohumano\/?p=32036"},"modified":"2024-07-02T12:17:08","modified_gmt":"2024-07-02T15:17:08","slug":"comodoro-marcho-por-el-orgullo-lgbtiq","status":"publish","type":"post","link":"https:\/\/www.comodoro.gov.ar\/desarrollohumano\/2018\/12\/01\/comodoro-marcho-por-el-orgullo-lgbtiq\/","title":{"rendered":"Comodoro march\u00f3 por el orgullo LGBTIQ"},"content":{"rendered":"<p><em>Este s\u00e1bado se realiz\u00f3 la marcha del orgullo LGBTIQ (Lesbianas, Gays, Bisexuales, Transexuales, Intersexuales y Queers) en inmediaciones del Museo Ferroportuario con un festival del orgullo. Participaron artistas, juegos, inflables y\u00a0 golosinas para los m\u00e1s peque\u00f1os. \u00a0Adem\u00e1s, participaron artistas invitados como: Dana y Delirium, Sandra Strass y La t\u00eda Maril\u00fa, Sandra San Roman, Roxana Ferreira y\u00a0 Patricia Lander.<\/em><\/p>\n<p>La actividad fue organizada por la Federaci\u00f3n Argentina LGBT \u2013 Asociaci\u00f3n ATTTA y CTA con el apoyo de la Direcci\u00f3n de diversidad LGBTIQ Social y \u00c9tnica dependiente de la Secretar\u00eda de Desarrollo Humano y Familia.<\/p>\n<p>La subsecretaria de Ni\u00f1ez, Adolescencia y Familia, Lic. Celia Gandini\u00a0 acompa\u00f1\u00f3 durante los festejos y la marcha y al respecto se\u00f1al\u00f3: \u201cDesde el municipio venimos trabajando e impulsando acciones que pongan en valor a la comunidad LGBTIQ, mediante la promoci\u00f3n de derecho, igualdad de oportunidades y acceso a la salud, como lo es el Primer Consultorio Inclusivo de la ciudad, adem\u00e1s incorporamos el cupo trans . Estamos ante un cambio cultural que desde la secretaria de Desarrollo Humano y Familia afrontamos con seriedad y compromiso\u201d<\/p>\n<p>La marcha por la ciudad no fue silenciosa y se o\u00edr diciendo: \u201cBasta de genocidio trans-travesti. No al ajuste, la violencia y la discriminaci\u00f3n. Macri y la Iglesia son antiderechos\u201d, como consigna principal.<\/p>\n<p>Tambi\u00e9n hubo un gazebo en el que se reparti\u00f3 informaci\u00f3n y se juntaron firmas para los proyectos que se impulsan desde el Congreso de la Naci\u00f3n por las leyes Antidiscriminatoria Nacional; de Interrupci\u00f3n Voluntaria del Embarazo; Integral para personas Trans, y de VIH, Hepatitis Virales e ITS, entre otras.<\/p>\n<p>&nbsp;<\/p>\n<p>&nbsp;<\/p>\n<p>&nbsp;<\/p>\n<p>&nbsp;<\/p>\n","protected":false},"excerpt":{"rendered":"<p>Este s\u00e1bado se realiz\u00f3 la marcha del orgullo LGBTIQ (Lesbianas, Gays, Bisexuales, Transexuales, Intersexuales y<\/p>\n","protected":false},"author":1,"featured_media":32037,"comment_status":"closed","ping_status":"closed","sticky":false,"template":"","format":"standard","meta":{"footnotes":""},"categories":[2,30,31,35],"tags":[],"class_list":["post-32036","post","type-post","status-publish","format-standard","has-post-thumbnail","hentry","category-actividades","category-proteccion-derechos","category-destacada","category-diversidad"],"_links":{"self":[{"href":"https:\/\/www.comodoro.gov.ar\/desarrollohumano\/wp-json\/wp\/v2\/posts\/32036","targetHints":{"allow":["GET"]}}],"collection":[{"href":"https:\/\/www.comodoro.gov.ar\/desarrollohumano\/wp-json\/wp\/v2\/posts"}],"about":[{"href":"https:\/\/www.comodoro.gov.ar\/desarrollohumano\/wp-json\/wp\/v2\/types\/post"}],"author":[{"embeddable":true,"href":"https:\/\/www.comodoro.gov.ar\/desarrollohumano\/wp-json\/wp\/v2\/users\/1"}],"replies":[{"embeddable":true,"href":"https:\/\/www.comodoro.gov.ar\/desarrollohumano\/wp-json\/wp\/v2\/comments?post=32036"}],"version-history":[{"count":1,"href":"https:\/\/www.comodoro.gov.ar\/desarrollohumano\/wp-json\/wp\/v2\/posts\/32036\/revisions"}],"predecessor-version":[{"id":34602,"href":"https:\/\/www.comodoro.gov.ar\/desarrollohumano\/wp-json\/wp\/v2\/posts\/32036\/revisions\/34602"}],"wp:featuredmedia":[{"embeddable":true,"href":"https:\/\/www.comodoro.gov.ar\/desarrollohumano\/wp-json\/"}],"wp:attachment":[{"href":"https:\/\/www.comodoro.gov.ar\/desarrollohumano\/wp-json\/wp\/v2\/media?parent=32036"}],"wp:term":[{"taxonomy":"category","embeddable":true,"href":"https:\/\/www.comodoro.gov.ar\/desarrollohumano\/wp-json\/wp\/v2\/categories?post=32036"},{"taxonomy":"post_tag","embeddable":true,"href":"https:\/\/www.comodoro.gov.ar\/desarrollohumano\/wp-json\/wp\/v2\/tags?post=32036"}],"curies":[{"name":"wp","href":"https:\/\/api.w.org\/{rel}","templated":true}]}}