{"id":32039,"date":"2018-12-03T14:47:01","date_gmt":"2018-12-03T17:47:01","guid":{"rendered":"http:\/\/www.comodoro.gov.ar\/desarrollohumano\/?p=32039"},"modified":"2024-07-02T12:17:17","modified_gmt":"2024-07-02T15:17:17","slug":"rey-desde-la-secretaria-de-desarrollo-humano-y-familia-producimos-y-acompanamos-acciones-y-politicas-publicas-que-posibiliten-la-inclusion-social-en-materia-de-discapacidad","status":"publish","type":"post","link":"https:\/\/www.comodoro.gov.ar\/desarrollohumano\/2018\/12\/03\/rey-desde-la-secretaria-de-desarrollo-humano-y-familia-producimos-y-acompanamos-acciones-y-politicas-publicas-que-posibiliten-la-inclusion-social-en-materia-de-discapacidad\/","title":{"rendered":"Rey: \u201cDesde la secretar\u00eda de Desarrollo Humano y Familia, producimos y acompa\u00f1amos acciones y pol\u00edticas p\u00fablicas que posibiliten la inclusi\u00f3n social en materia de discapacidad\u201d"},"content":{"rendered":"<p><em>As\u00ed lo se\u00f1alo Marcelo Rey, secretario de Desarrollo Humano y Familia al referirse al 3 de diciembre, \u201cD\u00eda Internacional de las Personas con Discapacidad\u201d.<\/em><\/p>\n<p>Desde la secretar\u00eda de Desarrollo Humano y Familia, a trav\u00e9s de la Direcci\u00f3n de Promoci\u00f3n de calidad de vida de las personas con Discapacidad, desarrolla acciones de asistencia, promoci\u00f3n y prevenci\u00f3n, mediante el acompa\u00f1amiento y asesoramiento a personas con discapacidad ante instituciones gubernamentales y no gubernamentales a fin de que puedan efectivizar sus derechos y garantizar accesibilidad a bienes y servicios.<\/p>\n<p>En este contexto, Marcelo Rey, responsable de la Cartera Social del municipio destac\u00f3 \u201cDesde la Direcci\u00f3n de Discapacidad promovemos, producimos y acompa\u00f1amos acciones que posibiliten la inclusi\u00f3n social plena de las personas con discapacidad a fin de mejorar las condiciones de convivencia en la diversidad, a favor de toda la comunidad y particularmente desde la construcci\u00f3n y de un posicionamiento social de las personas, que potencien la equiparaci\u00f3n de oportunidades\u201d<\/p>\n<p>\u201cDurante esta gesti\u00f3n potenciamos las tem\u00e1ticas relacionadas con la discapacidad fomentado acciones tendientes a la fortalecer el conocimiento en esta materia, realizamos en 1\u00b0 Congreso Patag\u00f3nico de autismo, que alcanz\u00f3 a 1500 personas,\u00a0 entre profesionales de la salud, educadores y familiares. Ahora estamos pr\u00f3ximos al realizar el segundo Congreso, el pr\u00f3ximo 8 de diciembre en estalaciones de la Sociedad Rural,\u00a0 en esta oportunidad, estar\u00e1 destinado a profesores de educaci\u00f3n f\u00edsica, en donde se abordar\u00e1 la discapacidad y deporte\u201d<\/p>\n<p>Con respecto a actividades recreativas para j\u00f3venes con discapacidad se\u00f1al\u00f3 \u201cAdem\u00e1s del trabajo diario que se realiza desde el Estado municipal, a trav\u00e9s de la Secretar\u00eda de Desarrollo Humano y Familia, es fundamental para nosotros, como municipio,\u00a0 proveerles\u00a0 a nuestros j\u00f3venes con discapacidad, lugares de esparcimiento como lo son las\u00a0 matin\u00e9; este a\u00f1o se realizaron dos y el pr\u00f3ximo 7 de diciembre realizaremos la \u00faltima en instalaciones del Hotel Wam y ya estamos proyectando la cl\u00e1sica colonia de vacaciones\u201d<\/p>\n<p>Cabe se\u00f1alar, que durante la jornada de hoy, en estalaciones del\u00a0 Auditorio del Centro Cultural, el municipio entreg\u00f3 aportes a\u00a0 diferentes instituciones de la ciudad: Fundaci\u00f3n Padre Corti; Fundaci\u00f3n Crecer; Fundaci\u00f3n Anah\u00ed; Asociaci\u00f3n Civil \u201cJuntos por un corazoncito feliz\u201d; Asociaci\u00f3n Prevenci\u00f3n y Asistencia en C\u00e1ncer (APAeC).<\/p>\n<p>En este contexto, Marcelo Rey, ponder\u00f3 el trabajo de las Organizaciones no Gubernamentales \u201cEl enorme trabajo que se viene realizando en materia de discapacidad, es fundamental, por eso todo el reconocimiento a las ONGs que trabajan, codo a codo junto al municipio, en diferentes tem\u00e1ticas. Este es un aporte muy enriquecedor que permitir\u00e1 fortalecer y potenciar el trabajo de las distintas organizaciones. Seguiremos trabajando de manera mancomunada con todas ellas\u201d<\/p>\n<p>&nbsp;<\/p>\n","protected":false},"excerpt":{"rendered":"<p>As\u00ed lo se\u00f1alo Marcelo Rey, secretario de Desarrollo Humano y Familia al referirse al 3<\/p>\n","protected":false},"author":1,"featured_media":32041,"comment_status":"closed","ping_status":"closed","sticky":false,"template":"","format":"standard","meta":{"footnotes":""},"categories":[31,34,79,1],"tags":[],"class_list":["post-32039","post","type-post","status-publish","format-standard","has-post-thumbnail","hentry","category-destacada","category-discapacidad-2","category-noticias","category-sin-categoria"],"_links":{"self":[{"href":"https:\/\/www.comodoro.gov.ar\/desarrollohumano\/wp-json\/wp\/v2\/posts\/32039","targetHints":{"allow":["GET"]}}],"collection":[{"href":"https:\/\/www.comodoro.gov.ar\/desarrollohumano\/wp-json\/wp\/v2\/posts"}],"about":[{"href":"https:\/\/www.comodoro.gov.ar\/desarrollohumano\/wp-json\/wp\/v2\/types\/post"}],"author":[{"embeddable":true,"href":"https:\/\/www.comodoro.gov.ar\/desarrollohumano\/wp-json\/wp\/v2\/users\/1"}],"replies":[{"embeddable":true,"href":"https:\/\/www.comodoro.gov.ar\/desarrollohumano\/wp-json\/wp\/v2\/comments?post=32039"}],"version-history":[{"count":1,"href":"https:\/\/www.comodoro.gov.ar\/desarrollohumano\/wp-json\/wp\/v2\/posts\/32039\/revisions"}],"predecessor-version":[{"id":34603,"href":"https:\/\/www.comodoro.gov.ar\/desarrollohumano\/wp-json\/wp\/v2\/posts\/32039\/revisions\/34603"}],"wp:featuredmedia":[{"embeddable":true,"href":"https:\/\/www.comodoro.gov.ar\/desarrollohumano\/wp-json\/"}],"wp:attachment":[{"href":"https:\/\/www.comodoro.gov.ar\/desarrollohumano\/wp-json\/wp\/v2\/media?parent=32039"}],"wp:term":[{"taxonomy":"category","embeddable":true,"href":"https:\/\/www.comodoro.gov.ar\/desarrollohumano\/wp-json\/wp\/v2\/categories?post=32039"},{"taxonomy":"post_tag","embeddable":true,"href":"https:\/\/www.comodoro.gov.ar\/desarrollohumano\/wp-json\/wp\/v2\/tags?post=32039"}],"curies":[{"name":"wp","href":"https:\/\/api.w.org\/{rel}","templated":true}]}}