{"id":32043,"date":"2018-12-04T14:50:46","date_gmt":"2018-12-04T17:50:46","guid":{"rendered":"http:\/\/www.comodoro.gov.ar\/desarrollohumano\/?p=32043"},"modified":"2025-05-14T12:51:55","modified_gmt":"2025-05-14T15:51:55","slug":"la-direccion-de-juventud-entrego-certificados-de-los-talleres-2018","status":"publish","type":"post","link":"https:\/\/www.comodoro.gov.ar\/desarrollohumano\/2018\/12\/04\/la-direccion-de-juventud-entrego-certificados-de-los-talleres-2018\/","title":{"rendered":"La Direcci\u00f3n de Juventud entreg\u00f3 certificados de los talleres 2018"},"content":{"rendered":"<p>En instalaciones del Gimnasio Gatti, en horas de la ma\u00f1ana, se concret\u00f3 la entrega de certificaciones a los j\u00f3venes que participaron de talleres y capacitaciones socio-laborales, realizadas durante 2018 en corte y confecci\u00f3n, manicur\u00eda integral, masoterapia, depilaci\u00f3n, belleza de pies, corte y confecci\u00f3n y dise\u00f1o de indumentaria.<\/p>\n<p>Cabe destacar que la Secretar\u00eda de Desarrollo Humano y Familia, a trav\u00e9s de la Direcci\u00f3n de Juventud promueve, dise\u00f1a, ejecuta y eval\u00faa pol\u00edticas p\u00fablicas con y desde los j\u00f3venes, valorando la diversidad de los mismos y propiciando su participaci\u00f3n como actores estrat\u00e9gicos, considerando la acci\u00f3n de capacitaciones socio-laborales, formaci\u00f3n ciudadana y social, participaci\u00f3n solidaria y expresi\u00f3n art\u00edstica y recreativa.<\/p>\n<p>En ese contexto, el\u00a0 secretario de Desarrollo Humano y Familia, Marcelo Rey, sostuvo: &#8220;es muy importante para\u00a0 quienes realizan estas capacitaciones poder contar con la acreditaci\u00f3n de la capacitaci\u00f3n porque despu\u00e9s viene otra etapa, como la posibilidad de hacer una pr\u00e1ctica o incluso, la posibilidad de un empleo concreto, a eso apuntamos desde la secretar\u00eda, llevando pol\u00edticas p\u00fablicas claras en pos del bienestar social, y el empleo es una herramienta fundamental para lo cual es necesario estar capacitado&#8221;.<\/p>\n<p>Del mismo modo, la Directora de Juventud, Mar\u00eda Ester Silva, destac\u00f3 &#8220;Hoy estamos entregando 80 certificados a quienes han concluido con los talleres y capacitaciones. Hemos tenido muy buena convocatoria y seguimos apostando a la formaci\u00f3n de los j\u00f3venes. Con estos talleres queremos demostrar que los j\u00f3venes pueden cambiar, participar y ese es nuestro objetivo, poder seguir gestionando pol\u00edticas p\u00fablicas que tengan que ver con esta franja etaria&#8221;.<\/p>\n<p>Para finalizar, Silva se\u00f1al\u00f3 \u201cEs muy gratificante entregar certificados y ver la cantidad de j\u00f3venes a los que les facilitamos herramientas para que puedan acceder a un oficio, aprender a hacer otros cursos, adem\u00e1s, nosotros colaboramos en la b\u00fasqueda del empleo y hoy ya tenemos algunos que est\u00e1n insertados en el mercado laboral ejecutando lo aprendido\u201d.<\/p>\n","protected":false},"excerpt":{"rendered":"<p>En instalaciones del Gimnasio Gatti, en horas de la ma\u00f1ana, se concret\u00f3 la entrega de<\/p>\n","protected":false},"author":1,"featured_media":32044,"comment_status":"closed","ping_status":"closed","sticky":false,"template":"","format":"standard","meta":{"footnotes":""},"categories":[2,4,79],"tags":[],"class_list":["post-32043","post","type-post","status-publish","format-standard","has-post-thumbnail","hentry","category-actividades","category-direccion-de-adolescencia-y-juventud","category-noticias"],"_links":{"self":[{"href":"https:\/\/www.comodoro.gov.ar\/desarrollohumano\/wp-json\/wp\/v2\/posts\/32043","targetHints":{"allow":["GET"]}}],"collection":[{"href":"https:\/\/www.comodoro.gov.ar\/desarrollohumano\/wp-json\/wp\/v2\/posts"}],"about":[{"href":"https:\/\/www.comodoro.gov.ar\/desarrollohumano\/wp-json\/wp\/v2\/types\/post"}],"author":[{"embeddable":true,"href":"https:\/\/www.comodoro.gov.ar\/desarrollohumano\/wp-json\/wp\/v2\/users\/1"}],"replies":[{"embeddable":true,"href":"https:\/\/www.comodoro.gov.ar\/desarrollohumano\/wp-json\/wp\/v2\/comments?post=32043"}],"version-history":[{"count":2,"href":"https:\/\/www.comodoro.gov.ar\/desarrollohumano\/wp-json\/wp\/v2\/posts\/32043\/revisions"}],"predecessor-version":[{"id":35654,"href":"https:\/\/www.comodoro.gov.ar\/desarrollohumano\/wp-json\/wp\/v2\/posts\/32043\/revisions\/35654"}],"wp:featuredmedia":[{"embeddable":true,"href":"https:\/\/www.comodoro.gov.ar\/desarrollohumano\/wp-json\/"}],"wp:attachment":[{"href":"https:\/\/www.comodoro.gov.ar\/desarrollohumano\/wp-json\/wp\/v2\/media?parent=32043"}],"wp:term":[{"taxonomy":"category","embeddable":true,"href":"https:\/\/www.comodoro.gov.ar\/desarrollohumano\/wp-json\/wp\/v2\/categories?post=32043"},{"taxonomy":"post_tag","embeddable":true,"href":"https:\/\/www.comodoro.gov.ar\/desarrollohumano\/wp-json\/wp\/v2\/tags?post=32043"}],"curies":[{"name":"wp","href":"https:\/\/api.w.org\/{rel}","templated":true}]}}