{"id":32050,"date":"2018-12-07T20:41:46","date_gmt":"2018-12-07T23:41:46","guid":{"rendered":"http:\/\/www.comodoro.gov.ar\/desarrollohumano\/?p=32050"},"modified":"2024-07-02T12:17:41","modified_gmt":"2024-07-02T15:17:41","slug":"rey-generamos-espacios-que-posibiliten-la-inclusion-social-en-materia-de-discapacidad","status":"publish","type":"post","link":"https:\/\/www.comodoro.gov.ar\/desarrollohumano\/2018\/12\/07\/rey-generamos-espacios-que-posibiliten-la-inclusion-social-en-materia-de-discapacidad\/","title":{"rendered":"Rey: \u201cGeneramos espacios que posibiliten la inclusi\u00f3n social en materia de discapacidad\u201d"},"content":{"rendered":"<p><em>As\u00ed lo se\u00f1al\u00f3 Marcelo Rey, secretario de Desarrollo Humano y Familia durante la \u00faltima matin\u00e9e por inclusi\u00f3n del a\u00f1o, realizada durante la jornada de hoy en un hotel c\u00e9ntrico. S<\/em>e trat\u00f3 de un encuentro al cual asistieron un promedio de 80 j\u00f3venes con discapacidad<em> y se conmemor\u00f3 el \u201cD\u00eda de la Discapacidad\u201d, celebrado el pasado 3 de diciembre.<\/em><\/p>\n<p>Fomentando la integraci\u00f3n, desde la Secretar\u00eda de Desarrollo Humano y Familia, se impulsa\u00a0 una propuesta de inclusi\u00f3n, promoci\u00f3n y esparcimiento, destinada a j\u00f3venes con discapacidad. Cabe resaltar que desde la Direcci\u00f3n de Promoci\u00f3n de Calidad de Vida de las Personas con Discapacidad, se promueve el acceso gratuito y la creaci\u00f3n de lazos que fortalezcan la condici\u00f3n de sujetos de derecho de los j\u00f3venes y su participaci\u00f3n plena en todos los \u00e1mbitos comunitarios.<\/p>\n<p>En referencia a esta iniciativa, el secretario de Desarrollo Humano y Familia, Marcelo Rey, expres\u00f3 que\u00a0 \u201cdesde el estado debemos generar estos espacios de recreaci\u00f3n, encuentro con amigos y sana diversi\u00f3n, no solo para las personas con discapacidad sino para el conjunto de la sociedad. Al igual que la salud, la alimentaci\u00f3n, educaci\u00f3n, vestimenta y trabajo son derechos del individuo, la recreaci\u00f3n, el entretenimiento, la diversi\u00f3n, el aspecto l\u00fadico en general, constituyen tambi\u00e9n un derecho de las personas que debe ser respetado y garantizado\u201d.<\/p>\n<p>En esta l\u00ednea, el funcionario puso en valor el trabajo realizado \u201cDesde la Direcci\u00f3n de Discapacidad promovemos, producimos y acompa\u00f1amos acciones que posibiliten la inclusi\u00f3n social plena de las personas con discapacidad a fin de mejorar las condiciones de convivencia en la diversidad, a favor de toda la comunidad y particularmente desde la construcci\u00f3n y de un posicionamiento social de las personas, que potencien la equiparaci\u00f3n de oportunidades\u201d<\/p>\n<p>\u201cDurante esta gesti\u00f3n potenciamos las tem\u00e1ticas relacionadas con la discapacidad fomentado acciones tendientes a la fortalecer el conocimiento en esta materia, realizamos en 1\u00b0 Congreso Patag\u00f3nico de autismo, que alcanz\u00f3 a 1500 personas,\u00a0entre profesionales de la salud y educadores. Ma\u00f1ana tenemos un nuevo congreso sobre discapacidad y deporte, con disertantes reconocidos a nivel nacional, lo que ser\u00e1 una gran herramienta para docentes y profesionales de la salud.\u201d<\/p>\n<p>Para finalizar Rey destac\u00f3 \u201ccerramos un a\u00f1o muy productivo en materia de discapacidad y fortaleciendo los programas, esta es la l\u00ednea de trabajo, no hay otra\u201d.<\/p>\n","protected":false},"excerpt":{"rendered":"<p>As\u00ed lo se\u00f1al\u00f3 Marcelo Rey, secretario de Desarrollo Humano y Familia durante la \u00faltima matin\u00e9e<\/p>\n","protected":false},"author":1,"featured_media":32051,"comment_status":"closed","ping_status":"closed","sticky":false,"template":"","format":"standard","meta":{"footnotes":""},"categories":[2,34,79],"tags":[],"class_list":["post-32050","post","type-post","status-publish","format-standard","has-post-thumbnail","hentry","category-actividades","category-discapacidad-2","category-noticias"],"_links":{"self":[{"href":"https:\/\/www.comodoro.gov.ar\/desarrollohumano\/wp-json\/wp\/v2\/posts\/32050","targetHints":{"allow":["GET"]}}],"collection":[{"href":"https:\/\/www.comodoro.gov.ar\/desarrollohumano\/wp-json\/wp\/v2\/posts"}],"about":[{"href":"https:\/\/www.comodoro.gov.ar\/desarrollohumano\/wp-json\/wp\/v2\/types\/post"}],"author":[{"embeddable":true,"href":"https:\/\/www.comodoro.gov.ar\/desarrollohumano\/wp-json\/wp\/v2\/users\/1"}],"replies":[{"embeddable":true,"href":"https:\/\/www.comodoro.gov.ar\/desarrollohumano\/wp-json\/wp\/v2\/comments?post=32050"}],"version-history":[{"count":1,"href":"https:\/\/www.comodoro.gov.ar\/desarrollohumano\/wp-json\/wp\/v2\/posts\/32050\/revisions"}],"predecessor-version":[{"id":34605,"href":"https:\/\/www.comodoro.gov.ar\/desarrollohumano\/wp-json\/wp\/v2\/posts\/32050\/revisions\/34605"}],"wp:featuredmedia":[{"embeddable":true,"href":"https:\/\/www.comodoro.gov.ar\/desarrollohumano\/wp-json\/"}],"wp:attachment":[{"href":"https:\/\/www.comodoro.gov.ar\/desarrollohumano\/wp-json\/wp\/v2\/media?parent=32050"}],"wp:term":[{"taxonomy":"category","embeddable":true,"href":"https:\/\/www.comodoro.gov.ar\/desarrollohumano\/wp-json\/wp\/v2\/categories?post=32050"},{"taxonomy":"post_tag","embeddable":true,"href":"https:\/\/www.comodoro.gov.ar\/desarrollohumano\/wp-json\/wp\/v2\/tags?post=32050"}],"curies":[{"name":"wp","href":"https:\/\/api.w.org\/{rel}","templated":true}]}}