{"id":32054,"date":"2018-12-18T14:48:30","date_gmt":"2018-12-18T17:48:30","guid":{"rendered":"http:\/\/www.comodoro.gov.ar\/desarrollohumano\/?p=32054"},"modified":"2024-07-02T12:17:49","modified_gmt":"2024-07-02T15:17:49","slug":"se-realizo-el-cierre-de-actividades-del-jardin-maternal-evita","status":"publish","type":"post","link":"https:\/\/www.comodoro.gov.ar\/desarrollohumano\/2018\/12\/18\/se-realizo-el-cierre-de-actividades-del-jardin-maternal-evita\/","title":{"rendered":"Se realiz\u00f3 el cierre de actividades del Jard\u00edn Maternal Evita"},"content":{"rendered":"<p>Con un emotivo acto se llev\u00f3 a cabo el cierre del ciclo lectivo del\u00a0 Jard\u00edn Maternal que funciona en el Centro de Promoci\u00f3n Barrial (CPB)\u00a0 Evita. Del acto oficial realizado este martes por la ma\u00f1ana, participaron el jefe de la\u00a0ciudad, Carlos Linares\u00a0 quien estuvo acompa\u00f1ado por el secretario de Desarrollo Humano y\u00a0Familia, Marcelo Rey; la secretaria privada, Liliana Peralta; la\u00a0 directora del Programa de CPB\u00b4s, Marcela Rodr\u00edguez; la directora del CPB\u00a0 Evita, Elsa Huanquitripay junto a todo el personal de la instituci\u00f3n y\u00a0 familias de los ni\u00f1os que asisten al Jard\u00edn Maternal.<\/p>\n<p>En ese marco, Marcelo Rey, secretario de Desarrollo Humano y Familia, destac\u00f3 la importancia de estos\u00a0espacios para la educaci\u00f3n, la promoci\u00f3n de la efectivizaci\u00f3n de\u00a0derechos y la asistencia social; al tiempo que asegur\u00f3 la continuidad y\u00a0el mejoramiento de los mismos para el beneficio de la comunidad.<\/p>\n<p>En su discurso, el secretario Marcelo Rey reconoci\u00f3 el trabajo que lleva\u00a0 adelante el equipo interdisciplinario del mencionado CPB; y por otra\u00a0parte, ponder\u00f3 el acompa\u00f1amiento de las familias de los ni\u00f1os y j\u00f3venes\u00a0que participan activamente de cada una de las actividades que se dictan\u00a0en los distintos barrios.<\/p>\n<p>\u201cDesde el Municipio, agradecemos a las familias que creen en el Estado y\u00a0que, con su participaci\u00f3n, nos instan a fortalecer estas pol\u00edticas\u00a0p\u00fablicas, que son fundamentales para atender las demandas sociales de la\u00a0comunidad\u201d, expres\u00f3 el funcionario.<\/p>\n<p>En ese tenor, explic\u00f3 que \u201cel crecimiento de los CPBs tiene que ver con\u00a0la firme decisi\u00f3n del intendente Carlos Linares de priorizar la parte\u00a0social, m\u00e1s all\u00e1 de las situaciones dif\u00edciles que se vivieron en la\u00a0ciudad; brindando la atenci\u00f3n necesaria desde la primera infancia hasta\u00a0la tercera edad\u201d.<\/p>\n<p>En la ocasi\u00f3n, Rey tambi\u00e9n hizo alusi\u00f3n a los principales ejes de\u00a0trabajo de los Centros de Promoci\u00f3n, al manifestar que \u201ca trav\u00e9s de\u00a0distintas propuestas atendemos a la educaci\u00f3n, la promoci\u00f3n de derechos\u00a0y la asistencia de los ni\u00f1os, j\u00f3venes y sus familias\u201d.<\/p>\n<p>\u201cLos dos primeros focos de trabajo los estamos desarrollando con \u00e9xito,\u00a0pero a\u00fan resta sumar esfuerzos para mejorar los programas de asistencia;\u00a0y, de esa manera, brindar una respuesta a aquellas familias que est\u00e1n\u00a0atravesando un cr\u00edtico momento. Por ello, desde el Estado, comprometemos\u00a0la continuidad de todas las actividades que se brindan en los CPBs\u201d, subray\u00f3.<\/p>\n<p>En esa l\u00ednea, el secretario dijo que \u201cse proyecta la apertura de dos\u00a0salas en el jard\u00edn maternal que funciona en el CPB M\u00e1ximo Ab\u00e1solo, porque entendemos que los padres necesitan de estos lugares, dotados de\u00a0equipos interdisciplinarios, para salir a trabajar tranquilos; con la\u00a0certeza de que sus hijos van a estar bien\u201d.<\/p>\n","protected":false},"excerpt":{"rendered":"<p>Con un emotivo acto se llev\u00f3 a cabo el cierre del ciclo lectivo del\u00a0 Jard\u00edn<\/p>\n","protected":false},"author":1,"featured_media":32055,"comment_status":"closed","ping_status":"closed","sticky":false,"template":"","format":"standard","meta":{"footnotes":""},"categories":[2,66,79],"tags":[],"class_list":["post-32054","post","type-post","status-publish","format-standard","has-post-thumbnail","hentry","category-actividades","category-jardines-maternales","category-noticias"],"_links":{"self":[{"href":"https:\/\/www.comodoro.gov.ar\/desarrollohumano\/wp-json\/wp\/v2\/posts\/32054","targetHints":{"allow":["GET"]}}],"collection":[{"href":"https:\/\/www.comodoro.gov.ar\/desarrollohumano\/wp-json\/wp\/v2\/posts"}],"about":[{"href":"https:\/\/www.comodoro.gov.ar\/desarrollohumano\/wp-json\/wp\/v2\/types\/post"}],"author":[{"embeddable":true,"href":"https:\/\/www.comodoro.gov.ar\/desarrollohumano\/wp-json\/wp\/v2\/users\/1"}],"replies":[{"embeddable":true,"href":"https:\/\/www.comodoro.gov.ar\/desarrollohumano\/wp-json\/wp\/v2\/comments?post=32054"}],"version-history":[{"count":1,"href":"https:\/\/www.comodoro.gov.ar\/desarrollohumano\/wp-json\/wp\/v2\/posts\/32054\/revisions"}],"predecessor-version":[{"id":34606,"href":"https:\/\/www.comodoro.gov.ar\/desarrollohumano\/wp-json\/wp\/v2\/posts\/32054\/revisions\/34606"}],"wp:featuredmedia":[{"embeddable":true,"href":"https:\/\/www.comodoro.gov.ar\/desarrollohumano\/wp-json\/"}],"wp:attachment":[{"href":"https:\/\/www.comodoro.gov.ar\/desarrollohumano\/wp-json\/wp\/v2\/media?parent=32054"}],"wp:term":[{"taxonomy":"category","embeddable":true,"href":"https:\/\/www.comodoro.gov.ar\/desarrollohumano\/wp-json\/wp\/v2\/categories?post=32054"},{"taxonomy":"post_tag","embeddable":true,"href":"https:\/\/www.comodoro.gov.ar\/desarrollohumano\/wp-json\/wp\/v2\/tags?post=32054"}],"curies":[{"name":"wp","href":"https:\/\/api.w.org\/{rel}","templated":true}]}}