{"id":32061,"date":"2018-12-21T09:48:59","date_gmt":"2018-12-21T12:48:59","guid":{"rendered":"http:\/\/www.comodoro.gov.ar\/desarrollohumano\/?p=32061"},"modified":"2025-05-14T12:50:31","modified_gmt":"2025-05-14T15:50:31","slug":"rey-los-talleres-de-informatica-fortalecen-los-vinculos-educativos-familiares-y-de-empleabilidad-2","status":"publish","type":"post","link":"https:\/\/www.comodoro.gov.ar\/desarrollohumano\/2018\/12\/21\/rey-los-talleres-de-informatica-fortalecen-los-vinculos-educativos-familiares-y-de-empleabilidad-2\/","title":{"rendered":"Rey: \u201cLos Talleres de inform\u00e1tica fortalecen los v\u00ednculos educativos, familiares y de empleabilidad\u201d"},"content":{"rendered":"<p>As\u00ed lo asegur\u00f3 Marcelo Rey, titular de la Secretar\u00eda de Desarrollo Humano y Familia, al referirse a los talleres de capacitaci\u00f3n en herramientas inform\u00e1ticas que continuar\u00e1n durante el mes de enero 2019.<\/p>\n<p>Una vez m\u00e1s, la Secretar\u00eda de Desarrollo Humano y Familia de la Municipalidad de Comodoro Rivadavia abre inscripciones desde la Direcci\u00f3n de Inform\u00e1tica y Comunicaci\u00f3n Digital para todas aquellas personas interesadas en realizar cursos gratuitos de herramientas inform\u00e1ticas.<\/p>\n<p>Durante el mes de enero se dictar\u00e1n talleres de computaci\u00f3n de car\u00e1cter libre y gratuitos, es por ello que la Secretar\u00eda de Desarrollo Humano y Familia, a trav\u00e9s de la Direcci\u00f3n de Inform\u00e1tica y Comunicaci\u00f3n Digital, invita a los vecinos interesados a realizar su inscripci\u00f3n a partir del d\u00eda 2 y hasta 4 de enero 2019 inclusive, en horario\u00a0 de 08:00 a 14:00 en los Centros Tecnol\u00f3gicos Comunitarios (CTC\u00b4s): Don Bosco Tte. Larregui y Gaucho Rivero (Sede Vecinal), CPB M\u00e1ximo Abasolo (Adjuar N\u00b0 4501), Biblioteca Dar\u00edo H. Hernandez (La Pinta N\u00b0 2855- planta baja- B\u00b0 San Mart\u00edn).<\/p>\n<p>Cabe se\u00f1alar, que la Secretar\u00eda de Desarrollo Humano y Familia a trav\u00e9s de los Centros Tecnol\u00f3gicos\u00a0 Comunitarios, durante el 2018 entreg\u00f3 500 certificados a quienes realizaron y aprobaron cursos de Operador de PC B\u00e1sico \u2013 M\u00f3dulos Windows\/Word, Operador de PC Infantil, Servicios de Internet y Redes Sociales, Microsoft Excel, Microsoft Publisher, Microsoft Power Point, Herramientas Multimedia, Edici\u00f3n de Imagen y Video, Manejo de Smartphones con Sistema ANDROID, Ofim\u00e1tica aplicada como Recursos Inform\u00e1ticos para la Administraci\u00f3n y taller de Arte Digital: Mi Vida mis Derechos, los mismos\u00a0 fueron destinados a ni\u00f1os, j\u00f3venes, adultos y adultos mayores.<\/p>\n<p>En este sentido, Maria Celia Aracena, responsable de la Direcci\u00f3n de Inform\u00e1tica y Comunicaci\u00f3n Digital se\u00f1al\u00f3 \u201cEl programa tiene dos objetivos primordiales: capacitar para el estudio y la empleabilidad y de brindar accesibilidad equitativa a los sistemas de informaci\u00f3n y comunicaci\u00f3n, a trav\u00e9s del uso de una computadora y del servicio de internet de manera gratuita y libre, de esta manera intentamos cumplir con el objetivo de acortar la brecha digital, y cuando hablamos de \u201cbrecha\u201d, hacemos referencia a la distancia y la falta de oportunidades que tiene una gran parte de nuestra comunidad, que es la de acceder en igualdad de condiciones al aprendizaje y a la b\u00fasqueda de contenidos y oportunidades a trav\u00e9s del uso adecuado de las nuevas tecnolog\u00edas de la informaci\u00f3n y la comunicaci\u00f3n\u201d.<\/p>\n<p>En esta l\u00ednea, Marcelo Rey, responsable de la Cartera Social del municipio destac\u00f3 \u201c Vamos a seguir diversificando nuestra propuesta, con un efecto multiplicador, adecuando los recursos y todo el esfuerzo compartido con la comunidad y con las instituciones con las que nos integramos al trabajo solidario, porque estamos convencidos de que el aprendizaje de nuevas t\u00e9cnicas de estudio, de acceso a nuevos contenidos, el permitir el intercambio, fomentar la lectura y la b\u00fasqueda de recursos para mejorar la econom\u00eda familiar a trav\u00e9s de los servicios de internet, son fundamentales y generan un soporte tecnol\u00f3gico para las familias, ya que les permite acceder a informaci\u00f3n y a contenidos significativos para el estudio y la empleabilidad\u201d.<\/p>\n<p>\u201cInvitamos a la comunidad a participar de estos talleres, destinados a ni\u00f1os, adolescentes, adultos y Adultos Mayores, que son totalmente gratuitos y tienen por finalidad favorecer y optimizar el uso de las herramientas tecnol\u00f3gicas fortaleciendo los procesos educativos achicando la brecha digital y brindando igual de oportunidades\u201d. Finaliz\u00f3 Marcelo Rey.<\/p>\n","protected":false},"excerpt":{"rendered":"<p>As\u00ed lo asegur\u00f3 Marcelo Rey, titular de la Secretar\u00eda de Desarrollo Humano y Familia, al<\/p>\n","protected":false},"author":1,"featured_media":32063,"comment_status":"closed","ping_status":"closed","sticky":false,"template":"","format":"standard","meta":{"footnotes":""},"categories":[17,29,79],"tags":[],"class_list":["post-32061","post","type-post","status-publish","format-standard","has-post-thumbnail","hentry","category-capacitaciones","category-ctc-2","category-noticias"],"_links":{"self":[{"href":"https:\/\/www.comodoro.gov.ar\/desarrollohumano\/wp-json\/wp\/v2\/posts\/32061","targetHints":{"allow":["GET"]}}],"collection":[{"href":"https:\/\/www.comodoro.gov.ar\/desarrollohumano\/wp-json\/wp\/v2\/posts"}],"about":[{"href":"https:\/\/www.comodoro.gov.ar\/desarrollohumano\/wp-json\/wp\/v2\/types\/post"}],"author":[{"embeddable":true,"href":"https:\/\/www.comodoro.gov.ar\/desarrollohumano\/wp-json\/wp\/v2\/users\/1"}],"replies":[{"embeddable":true,"href":"https:\/\/www.comodoro.gov.ar\/desarrollohumano\/wp-json\/wp\/v2\/comments?post=32061"}],"version-history":[{"count":2,"href":"https:\/\/www.comodoro.gov.ar\/desarrollohumano\/wp-json\/wp\/v2\/posts\/32061\/revisions"}],"predecessor-version":[{"id":35653,"href":"https:\/\/www.comodoro.gov.ar\/desarrollohumano\/wp-json\/wp\/v2\/posts\/32061\/revisions\/35653"}],"wp:featuredmedia":[{"embeddable":true,"href":"https:\/\/www.comodoro.gov.ar\/desarrollohumano\/wp-json\/"}],"wp:attachment":[{"href":"https:\/\/www.comodoro.gov.ar\/desarrollohumano\/wp-json\/wp\/v2\/media?parent=32061"}],"wp:term":[{"taxonomy":"category","embeddable":true,"href":"https:\/\/www.comodoro.gov.ar\/desarrollohumano\/wp-json\/wp\/v2\/categories?post=32061"},{"taxonomy":"post_tag","embeddable":true,"href":"https:\/\/www.comodoro.gov.ar\/desarrollohumano\/wp-json\/wp\/v2\/tags?post=32061"}],"curies":[{"name":"wp","href":"https:\/\/api.w.org\/{rel}","templated":true}]}}