{"id":32116,"date":"2019-01-22T11:09:40","date_gmt":"2019-01-22T14:09:40","guid":{"rendered":"http:\/\/www.comodoro.gov.ar\/desarrollohumano\/?p=32116"},"modified":"2024-07-02T12:23:29","modified_gmt":"2024-07-02T15:23:29","slug":"comienzan-las-capacitaciones-socio-laborales-de-verano","status":"publish","type":"post","link":"https:\/\/www.comodoro.gov.ar\/desarrollohumano\/2019\/01\/22\/comienzan-las-capacitaciones-socio-laborales-de-verano\/","title":{"rendered":"COMIENZAN LAS CAPACITACIONES SOCIO-LABORALES DE VERANO"},"content":{"rendered":"<p><em>\u00a0<\/em><em>Organizado por la Secretar\u00eda de Desarrollo Humano y Familia a trav\u00e9s de la Direcci\u00f3n de Juventud, comienzan las capacitaciones Socio-laborales para j\u00f3venes, con el objetivo de ofrecer un espacio de aprendizaje de oficio en la ciudad. En esta oportunidad, se lanzar\u00e1n 3 talleres cortos de verano: workshop de manicur\u00eda integral, workshop depilaci\u00f3n de rostro y taller de modelaci\u00f3n Crio- reductor con gel fr\u00edo. <\/em><\/p>\n<p>En el marco de las capacitaciones Socio-Laborales destinadas a j\u00f3venes de 18 a 25 a\u00f1os que lleva adelante el municipio, se dar\u00e1 inicio a los talleres cortos de verano.Los mismos se dictar\u00e1n en las instalaciones de la Direcci\u00f3n de Juventud, sita en Urquiza 320.<\/p>\n<p>En este sentido, Marcelo Rey, secretario de Desarrollo Humano y Familia Destac\u00f3 \u201c a partir de las demandas que tuvimos durante el 2018, una de las capacitaciones m\u00e1s solicitadas son las que tienen que ver con el\u00a0 rubro de est\u00e9tica, por eso durante los meses de enero y febrero lanzamos estos 3 talleres\u201d<\/p>\n<p>\u201cCon estas capacitaciones\u00a0 socio-laborales de verano pensamos en fortalecer la participaci\u00f3n de adolescentes y j\u00f3venes en espacios de capacitaci\u00f3n y creatividad, generando acciones de inclusi\u00f3n e integraci\u00f3n, al tiempo que potenciamos los v\u00ednculos sociales e igualdad de oportunidades a la hora de buscar un empleo\u201d destac\u00f3 el funcionario.<\/p>\n<p>Cabe se\u00f1alar que, el taller de manicur\u00eda se realizar\u00e1 los d\u00edas martes a las 10 de la ma\u00f1ana, depilaci\u00f3n de rostro se concretar\u00e1 los d\u00edas mi\u00e9rcoles a las 10 de la ma\u00f1ana, mientras que modelaci\u00f3n Crio- reductora con gel fr\u00edo ser\u00e1 los d\u00edas mi\u00e9rcoles en el mismo horario. La modalidad de cursado ser\u00e1 de car\u00e1cter intensivo, en todos los casos, con un encuentro semanal de 3 horas y se extender\u00e1 por 3 clases.<\/p>\n<p>Marcelo Rey, puso en valor el trabajo que el municipio realiza en materia de capacitaciones para j\u00f3venes de la ciudad,al tiempo que se\u00f1al\u00f3 \u201c la intenci\u00f3n es brindar espacios de aprendizaje, ofrecer herramientas laborales para que nuestros j\u00f3venes puedan salir al mercado laboral formados en alg\u00fan oficio, un mercado que en la actualidad est\u00e1 afectado por la \u00a0crisis econ\u00f3mica que vive el pa\u00eds\u201d<\/p>\n<p>Los interesados en participar de las capacitaciones, a\u00fan est\u00e1n a tiempo de inscribirse, pueden hacerlo\u00a0 en las oficinas de la Direcci\u00f3n de Juventud ubicadas en Urquiza al 320 con fotocopia de su DNI y la \u00faltima certificaci\u00f3n de estudios que tengan a disposici\u00f3n; puede ser el \u00faltimo bolet\u00edn o un certificado de alumno regular. Por consultas, comunicarse al 406-9084.<\/p>\n<p>&nbsp;<\/p>\n","protected":false},"excerpt":{"rendered":"<p>\u00a0Organizado por la Secretar\u00eda de Desarrollo Humano y Familia a trav\u00e9s de la Direcci\u00f3n de<\/p>\n","protected":false},"author":1,"featured_media":32117,"comment_status":"closed","ping_status":"closed","sticky":false,"template":"","format":"standard","meta":{"footnotes":""},"categories":[4,17,33,79],"tags":[],"class_list":["post-32116","post","type-post","status-publish","format-standard","has-post-thumbnail","hentry","category-direccion-de-adolescencia-y-juventud","category-capacitaciones","category-direccion-de-juventud","category-noticias"],"_links":{"self":[{"href":"https:\/\/www.comodoro.gov.ar\/desarrollohumano\/wp-json\/wp\/v2\/posts\/32116","targetHints":{"allow":["GET"]}}],"collection":[{"href":"https:\/\/www.comodoro.gov.ar\/desarrollohumano\/wp-json\/wp\/v2\/posts"}],"about":[{"href":"https:\/\/www.comodoro.gov.ar\/desarrollohumano\/wp-json\/wp\/v2\/types\/post"}],"author":[{"embeddable":true,"href":"https:\/\/www.comodoro.gov.ar\/desarrollohumano\/wp-json\/wp\/v2\/users\/1"}],"replies":[{"embeddable":true,"href":"https:\/\/www.comodoro.gov.ar\/desarrollohumano\/wp-json\/wp\/v2\/comments?post=32116"}],"version-history":[{"count":1,"href":"https:\/\/www.comodoro.gov.ar\/desarrollohumano\/wp-json\/wp\/v2\/posts\/32116\/revisions"}],"predecessor-version":[{"id":34622,"href":"https:\/\/www.comodoro.gov.ar\/desarrollohumano\/wp-json\/wp\/v2\/posts\/32116\/revisions\/34622"}],"wp:featuredmedia":[{"embeddable":true,"href":"https:\/\/www.comodoro.gov.ar\/desarrollohumano\/wp-json\/"}],"wp:attachment":[{"href":"https:\/\/www.comodoro.gov.ar\/desarrollohumano\/wp-json\/wp\/v2\/media?parent=32116"}],"wp:term":[{"taxonomy":"category","embeddable":true,"href":"https:\/\/www.comodoro.gov.ar\/desarrollohumano\/wp-json\/wp\/v2\/categories?post=32116"},{"taxonomy":"post_tag","embeddable":true,"href":"https:\/\/www.comodoro.gov.ar\/desarrollohumano\/wp-json\/wp\/v2\/tags?post=32116"}],"curies":[{"name":"wp","href":"https:\/\/api.w.org\/{rel}","templated":true}]}}