{"id":32284,"date":"2019-05-05T11:04:56","date_gmt":"2019-05-05T14:04:56","guid":{"rendered":"http:\/\/www.comodoro.gov.ar\/desarrollohumano\/?p=32284"},"modified":"2024-07-02T13:08:30","modified_gmt":"2024-07-02T16:08:30","slug":"entregaron-guardapolvos-a-los-ninos-del-jardin-maternal-isidro-quiroga","status":"publish","type":"post","link":"https:\/\/www.comodoro.gov.ar\/desarrollohumano\/2019\/05\/05\/entregaron-guardapolvos-a-los-ninos-del-jardin-maternal-isidro-quiroga\/","title":{"rendered":"Entregaron guardapolvos a los ni\u00f1os del Jard\u00edn Maternal Isidro Quiroga"},"content":{"rendered":"<p>El s\u00e1bado 4 de mayo, en instalaciones del CPB Isidro Quiroga en el marco del \u201cD\u00eda Nacional de la buena Acci\u00f3n\u201d, un grupo de j\u00f3venes que participan del grupo \u201cScout San Jos\u00e9 Obrero\u201d, hicieron entrega de chaqueta delantales, confeccionadas por ellos, para los ni\u00f1os que asisten al Jardin maternal del CPB Isidro Quiroga.<\/p>\n<p>La actividad tuvo una gran participaci\u00f3n de la comunidad y de las familias de los ni\u00f1os que asisten al maternal, quienes compartieron una tarde diferente, disfrutando de diversas actividades recreativas con sus hijos, al respecto la Directora del CPB Isidro Quiroga, Lic.\u00a0 Jacqueline\u00a0Aldauc, se\u00f1al\u00f3 \u201cQuiero destacar la\u00a0 participaci\u00f3n de j\u00f3venes Scout, porque fue la primera vez que concurr\u00edan a una institucion como esta, en su visita pudieron conocer la realidad de cada uno de los ni\u00f1os que asisten al maternal\u201d<\/p>\n<p>Al tiempo que destac\u00f3 \u201cestas iniciativas ayudan a fortalecer los v\u00ednculos comunitarios, agradecemos\u00a0 al Marcelo Rey, Secretario de Desarrollo Humano y Familia, por haber apoyado esta actividad y por abrir las puertas del CPB un d\u00eda s\u00e1bado. Instamos a que estas acciones\u00a0\u00a0 se multipliquen en toda\u00a0 la comunidad, resaltando la participaci\u00f3n \u00a0de los j\u00f3venes y adolescentes de nuestra comunidad que encuentran espacios\u00a0 donde poder proyectarse y concretar acciones\u00a0 con ni\u00f1os del barrio isidro Quiroga\u201d \u00a0que estas\u201d.<\/p>\n<p>Por su parte, Mario, miembro del grupo Scout San Jos\u00e9 Obrero, dijo\u201d agradecemos a la secretaria de Desarrollo Humano y Familia, por darnos la posibilidad de trabajar en conjunto, esperamos que sea un punto d coartada para poder i8ncluir mas actividades, m\u00e1s proyectos que son tan necesarios para toda la comunidad\u201d.<\/p>\n<p>\u201cHoy trajimos guardapolvos, que nosotros mismos confeccionamos, este tipo de actividades me gusta mucho y me ense\u00f1a\u00a0 porque nos permiten vivir momentos muy lindos\u201d finaliz\u00f3 Maite, joven Scout\u201d<\/p>\n<p>&nbsp;<\/p>\n<p>&nbsp;<\/p>\n","protected":false},"excerpt":{"rendered":"<p>El s\u00e1bado 4 de mayo, en instalaciones del CPB Isidro Quiroga en el marco del<\/p>\n","protected":false},"author":1,"featured_media":32285,"comment_status":"closed","ping_status":"closed","sticky":false,"template":"","format":"standard","meta":{"footnotes":""},"categories":[2,28,31,79],"tags":[],"class_list":["post-32284","post","type-post","status-publish","format-standard","has-post-thumbnail","hentry","category-actividades","category-cpb","category-destacada","category-noticias"],"_links":{"self":[{"href":"https:\/\/www.comodoro.gov.ar\/desarrollohumano\/wp-json\/wp\/v2\/posts\/32284","targetHints":{"allow":["GET"]}}],"collection":[{"href":"https:\/\/www.comodoro.gov.ar\/desarrollohumano\/wp-json\/wp\/v2\/posts"}],"about":[{"href":"https:\/\/www.comodoro.gov.ar\/desarrollohumano\/wp-json\/wp\/v2\/types\/post"}],"author":[{"embeddable":true,"href":"https:\/\/www.comodoro.gov.ar\/desarrollohumano\/wp-json\/wp\/v2\/users\/1"}],"replies":[{"embeddable":true,"href":"https:\/\/www.comodoro.gov.ar\/desarrollohumano\/wp-json\/wp\/v2\/comments?post=32284"}],"version-history":[{"count":1,"href":"https:\/\/www.comodoro.gov.ar\/desarrollohumano\/wp-json\/wp\/v2\/posts\/32284\/revisions"}],"predecessor-version":[{"id":34651,"href":"https:\/\/www.comodoro.gov.ar\/desarrollohumano\/wp-json\/wp\/v2\/posts\/32284\/revisions\/34651"}],"wp:featuredmedia":[{"embeddable":true,"href":"https:\/\/www.comodoro.gov.ar\/desarrollohumano\/wp-json\/"}],"wp:attachment":[{"href":"https:\/\/www.comodoro.gov.ar\/desarrollohumano\/wp-json\/wp\/v2\/media?parent=32284"}],"wp:term":[{"taxonomy":"category","embeddable":true,"href":"https:\/\/www.comodoro.gov.ar\/desarrollohumano\/wp-json\/wp\/v2\/categories?post=32284"},{"taxonomy":"post_tag","embeddable":true,"href":"https:\/\/www.comodoro.gov.ar\/desarrollohumano\/wp-json\/wp\/v2\/tags?post=32284"}],"curies":[{"name":"wp","href":"https:\/\/api.w.org\/{rel}","templated":true}]}}