{"id":32298,"date":"2019-05-14T21:00:16","date_gmt":"2019-05-15T00:00:16","guid":{"rendered":"http:\/\/www.comodoro.gov.ar\/desarrollohumano\/?p=32298"},"modified":"2024-07-02T13:09:29","modified_gmt":"2024-07-02T16:09:29","slug":"comenzo-el-taller-de-radio-para-la-tercera-edad","status":"publish","type":"post","link":"https:\/\/www.comodoro.gov.ar\/desarrollohumano\/2019\/05\/14\/comenzo-el-taller-de-radio-para-la-tercera-edad\/","title":{"rendered":"Comenz\u00f3 el Taller De Radio para la Tercera Edad"},"content":{"rendered":"<p>En las instalaciones de la Direcci\u00f3n de Adultos Mayores, ubicada en Salta y\u00a0 O\u2019Higgins del Barrio 13 de diciembre, inicio por quinto a\u00f1o consecutivo, el taller anual de Radio destinado a Adultos Mayores de la ciudad.<\/p>\n<p>Al taller asistieron adultos mayores que ya ven\u00edan realizando la actividad y se sumaron nuevos interesados en aprender t\u00e9cnicas radiof\u00f3nicas. Durante la\u00a0 primera jornada se realizaron ejercicios vocales, t\u00e9cnicas\u00a0 de concentraci\u00f3n entre otros ejercicios, adem\u00e1s, de las presentaciones\u00a0 de cada participante y de las docentes a cargo del dictado de las clases.<\/p>\n<p>Cabe aclarar que la Secretar\u00eda de Desarrollo Humano y Familia, a trav\u00e9s del \u201cPrograma de\u00a0 Inclusi\u00f3n Social en los Multimedios\u201d y desde la Direcci\u00f3n de Adultos Mayores brinda una propuesta que aborda el soporte radiof\u00f3nico como lo instrumento popular y masivo para llegar a todas las edades. En este caso, se trata del taller de Radio Itinerante para la tercera edad que se dicta de manera gratuita, una vez por semana, en las Oficinas de la Direcci\u00f3n de Adultos Mayores de Comodoro Rivadavia.<\/p>\n<p>Al respecto, el responsable del \u00e1rea social del Municipio Marcelo Rey expres\u00f3: \u201cEstamos muy conformes de la gran convocatoria que tenemos en esta nueva edici\u00f3n del taller de radio de adultos mayores. Esto se hace posible gracias al trabajo en conjunto entre el equipo de la Direccion de Adultos Mayores y las profesionales del \u00e1rea de Comunicaci\u00f3n de la Secretaria de Desarrollo Humano y Familia, quienes se encargan de llevar adelante este programa de inclusi\u00f3n y capacitaci\u00f3n, todos los martes, de manera anual\u201d<\/p>\n<p>\u201cLos que concurren son adultos mayores con distintas historias, diversos oficios, diferentes or\u00edgenes, pero todos bajo un mismo objetivo: sentirse parte. Cada semana es una nueva oportunidad de demostrar que est\u00e1n activos, cada encuentro es un espacio de debate, aprendizaje y reflexi\u00f3n\u201d destaco el funcionario municipal.<\/p>\n<p>Este programa de \u201cInclusi\u00f3n Social en los Multimedios\u201d, tiene como objetivo central la implementaci\u00f3n de una pol\u00edtica integral para la Tercera Edad, que promueva sus derechos e incentive su inserci\u00f3n en la comunidad.\u00a0 Entre los objetivos de esta iniciativa se destacan fomentar\u00a0 la participaci\u00f3n de los adultos mayores en actividades recreativas, rescatar,\u00a0 recuperar, ampliar y legitimar conocimientos en los adultos mayores.<\/p>\n<p>El taller se brindar\u00e1 los d\u00edas martes de 10:00 a 11:30 horas, en las oficinas de la Direcci\u00f3n, calle O\u2019Higgins 497 del Barrio 13 de Diciembre y est\u00e1 a cargo de la Lic. en Comunicaci\u00f3n Social\u00a0 y Locutora Nacional Ana Karina \u00c1vila, junto la Lic en Comunicaci\u00f3n Social Trinidad Mart\u00ednez , quienes persiguen los objetivos de mejorar la palabra hablada y ampliar el vocabulario incentivando la lectura en todos los g\u00e9neros radiales: informativo, relato, poes\u00eda y textos de distintas tem\u00e1ticas; y la comprensi\u00f3n e interpretaci\u00f3n de los contenidos de lectura: pol\u00edtica, arte, historia, cuentos, novelas.<\/p>\n<p>Los interesados en participar a\u00fan est\u00e1n a tiempo de inscribirse, lo pueden hacer\u00a0 comunic\u00e1ndose al 447-6926 o en la Direcci\u00f3n de Adultos mayores ubicada en\u00a0 calle O\u2019Higgins 497 esquina Salta, Barrio 13 de Diciembre, de lunes a viernes de 8 a 14 horas.<\/p>\n<p>&nbsp;<\/p>\n","protected":false},"excerpt":{"rendered":"<p>En las instalaciones de la Direcci\u00f3n de Adultos Mayores, ubicada en Salta y\u00a0 O\u2019Higgins del<\/p>\n","protected":false},"author":1,"featured_media":32299,"comment_status":"closed","ping_status":"closed","sticky":false,"template":"","format":"standard","meta":{"footnotes":""},"categories":[5,31,79],"tags":[],"class_list":["post-32298","post","type-post","status-publish","format-standard","has-post-thumbnail","hentry","category-adultos-mayores","category-destacada","category-noticias"],"_links":{"self":[{"href":"https:\/\/www.comodoro.gov.ar\/desarrollohumano\/wp-json\/wp\/v2\/posts\/32298","targetHints":{"allow":["GET"]}}],"collection":[{"href":"https:\/\/www.comodoro.gov.ar\/desarrollohumano\/wp-json\/wp\/v2\/posts"}],"about":[{"href":"https:\/\/www.comodoro.gov.ar\/desarrollohumano\/wp-json\/wp\/v2\/types\/post"}],"author":[{"embeddable":true,"href":"https:\/\/www.comodoro.gov.ar\/desarrollohumano\/wp-json\/wp\/v2\/users\/1"}],"replies":[{"embeddable":true,"href":"https:\/\/www.comodoro.gov.ar\/desarrollohumano\/wp-json\/wp\/v2\/comments?post=32298"}],"version-history":[{"count":1,"href":"https:\/\/www.comodoro.gov.ar\/desarrollohumano\/wp-json\/wp\/v2\/posts\/32298\/revisions"}],"predecessor-version":[{"id":34654,"href":"https:\/\/www.comodoro.gov.ar\/desarrollohumano\/wp-json\/wp\/v2\/posts\/32298\/revisions\/34654"}],"wp:featuredmedia":[{"embeddable":true,"href":"https:\/\/www.comodoro.gov.ar\/desarrollohumano\/wp-json\/"}],"wp:attachment":[{"href":"https:\/\/www.comodoro.gov.ar\/desarrollohumano\/wp-json\/wp\/v2\/media?parent=32298"}],"wp:term":[{"taxonomy":"category","embeddable":true,"href":"https:\/\/www.comodoro.gov.ar\/desarrollohumano\/wp-json\/wp\/v2\/categories?post=32298"},{"taxonomy":"post_tag","embeddable":true,"href":"https:\/\/www.comodoro.gov.ar\/desarrollohumano\/wp-json\/wp\/v2\/tags?post=32298"}],"curies":[{"name":"wp","href":"https:\/\/api.w.org\/{rel}","templated":true}]}}