{"id":32665,"date":"2020-01-06T15:59:33","date_gmt":"2020-01-06T18:59:33","guid":{"rendered":"http:\/\/www.comodoro.gov.ar\/desarrollohumano\/?p=32665"},"modified":"2024-07-02T13:22:03","modified_gmt":"2024-07-02T16:22:03","slug":"jardines-maternales-con-propuesta-de-verano-2020","status":"publish","type":"post","link":"https:\/\/www.comodoro.gov.ar\/desarrollohumano\/2020\/01\/06\/jardines-maternales-con-propuesta-de-verano-2020\/","title":{"rendered":"Jardines Maternales con propuesta de verano 2020"},"content":{"rendered":"<p><em>En zona norte y sur de la ciudad, se dio inicio a las actividades de verano para los m\u00e1s ni\u00f1os. La iniciativa que es libre y gratuita\u00a0 es impulsada por el \u00e1rea social del Municipio y se extender\u00e1 hasta febrero.<\/em><\/p>\n<p>La propuesta de verano que organiza la Direcci\u00f3n de Promoci\u00f3n Barrial \u00a0durante la \u00e9poca estival se desarrolla en dos lugares de la ciudad: en la zona sur en el Centro de Promoci\u00f3n Barrial 30 de Octubre\u00a0 y en la zona norte en el CPB Don Bosco, esta propuesta es impulsada por la Secretar\u00eda de Desarrollo Humano y Familia y est\u00e1 dirigida a toda la comunidad, priorizando el acceso a aquellas familias con ni\u00f1os en situaci\u00f3n\u00a0 de vulnerabilidad.<\/p>\n<p>Al culminarse el ciclo anual del jard\u00edn maternal, hay ni\u00f1os que por edad no pueden ingresar a las Colonias al ser muy peque\u00f1os, por lo que inmediatamente el equipo t\u00e9cnico de la Secretaria trabaj\u00f3 en\u00a0 esta propuesta de juegos y recreaci\u00f3n para que puedan ser incluidos. Desde el equipo t\u00e9cnico se armaron propuestas recreativas, art\u00edsticas, de juegos, exploraci\u00f3n e imitaci\u00f3n. Esto se refuerza con desayuno y almuerzo para cada peque\u00f1o.<\/p>\n<p>Al respecto, la subsecretar\u00eda de protecci\u00f3n, promoci\u00f3n social y comunitaria, la Lic. Patricia Stefanazzi explic\u00f3: \u201cEstas dos propuestas de verano\u00a0 dentro\u00a0 de las actividades de jard\u00edn maternal\u00a0 y dentro de las actividades del centro de promoci\u00f3n barrial tienen como objetivo generar un espacio de encuentro, de recreaci\u00f3n\u00a0 cultural, social y comunitaria\u00a0 y\u00a0 convertirse en un espacio de aprendizaje no formal, destinada a ni\u00f1os\/as de 2 a 4 a\u00f1os de edad que est\u00e1n en los CPB de y zonas aleda\u00f1as. Destinado para aquellas familias que quieran pensar en sus hijos en alguna propuesta no formal y recreativa ya que son espacios abiertos para y por la comunidad\u201d<\/p>\n<p>Siguiendo esta L\u00ednea, la funcionaria record\u00f3 a la comunidad que las actividades se realizan durante todo el mes de febrero, de lunes a viernes en horario de 10 a 15\u00a0 \u201cla elecci\u00f3n de estos espacios radican en que es posible albergar muchos chicos, y est\u00e1n ubicados en puntos muy importantes donde confluyen nenes de otros sectores de la ciudad tambi\u00e9n\u201d.<\/p>\n<p>.<\/p>\n<p>&nbsp;<\/p>\n","protected":false},"excerpt":{"rendered":"<p>En zona norte y sur de la ciudad, se dio inicio a las actividades de<\/p>\n","protected":false},"author":1,"featured_media":32666,"comment_status":"closed","ping_status":"closed","sticky":false,"template":"","format":"standard","meta":{"footnotes":""},"categories":[31,79],"tags":[],"class_list":["post-32665","post","type-post","status-publish","format-standard","has-post-thumbnail","hentry","category-destacada","category-noticias"],"_links":{"self":[{"href":"https:\/\/www.comodoro.gov.ar\/desarrollohumano\/wp-json\/wp\/v2\/posts\/32665","targetHints":{"allow":["GET"]}}],"collection":[{"href":"https:\/\/www.comodoro.gov.ar\/desarrollohumano\/wp-json\/wp\/v2\/posts"}],"about":[{"href":"https:\/\/www.comodoro.gov.ar\/desarrollohumano\/wp-json\/wp\/v2\/types\/post"}],"author":[{"embeddable":true,"href":"https:\/\/www.comodoro.gov.ar\/desarrollohumano\/wp-json\/wp\/v2\/users\/1"}],"replies":[{"embeddable":true,"href":"https:\/\/www.comodoro.gov.ar\/desarrollohumano\/wp-json\/wp\/v2\/comments?post=32665"}],"version-history":[{"count":1,"href":"https:\/\/www.comodoro.gov.ar\/desarrollohumano\/wp-json\/wp\/v2\/posts\/32665\/revisions"}],"predecessor-version":[{"id":34712,"href":"https:\/\/www.comodoro.gov.ar\/desarrollohumano\/wp-json\/wp\/v2\/posts\/32665\/revisions\/34712"}],"wp:featuredmedia":[{"embeddable":true,"href":"https:\/\/www.comodoro.gov.ar\/desarrollohumano\/wp-json\/"}],"wp:attachment":[{"href":"https:\/\/www.comodoro.gov.ar\/desarrollohumano\/wp-json\/wp\/v2\/media?parent=32665"}],"wp:term":[{"taxonomy":"category","embeddable":true,"href":"https:\/\/www.comodoro.gov.ar\/desarrollohumano\/wp-json\/wp\/v2\/categories?post=32665"},{"taxonomy":"post_tag","embeddable":true,"href":"https:\/\/www.comodoro.gov.ar\/desarrollohumano\/wp-json\/wp\/v2\/tags?post=32665"}],"curies":[{"name":"wp","href":"https:\/\/api.w.org\/{rel}","templated":true}]}}