{"id":32668,"date":"2020-01-08T09:52:56","date_gmt":"2020-01-08T12:52:56","guid":{"rendered":"http:\/\/www.comodoro.gov.ar\/desarrollohumano\/?p=32668"},"modified":"2020-01-08T09:52:56","modified_gmt":"2020-01-08T12:52:56","slug":"la-inclusion-de-las-personas-con-discapacidad-es-muy-importante","status":"publish","type":"post","link":"https:\/\/www.comodoro.gov.ar\/desarrollohumano\/2020\/01\/08\/la-inclusion-de-las-personas-con-discapacidad-es-muy-importante\/","title":{"rendered":"La inclusi\u00f3n de las personas con discapacidad es muy importante\u201d"},"content":{"rendered":"<div class=\"moz-text-flowed\" lang=\"x-unicode\">Se realiz\u00f3 el primer encuentro de la colonia de verano destinado a personas con discapacidad. Con la participaci\u00f3n de m\u00e1s de 120 j\u00f3venes y adultos, las mismas se llevaran a cabo de martes a viernes y contar\u00e1n con distintas actividades recreativas, de paseo y deportivas.<\/p>\n<p>Este martes de 15:00 a 18:30 horas en el Parque Saavedra, de dio inicio a las actividades de verano\u00a0con la presencia del secretario de Desarrollo Humano y Familia, Marcelo Rey quien manifest\u00f3\u00a0 \u201cla Municipalidad realiza una fuerte inversi\u00f3n y trabaja coordinadamente con las dem\u00e1s secretar\u00edas, como por ejemplo: el Ente Aut\u00e1rquico Comodoro Deportes, Salud y Cultura como lo solicit\u00f3 el intendente Juan Pablo Luque, a fin de brindarle propuestas interesantes a los comodorenses. Existe un lineamiento pol\u00edtico claro de la gesti\u00f3n Municipal y consiste en continuar fortaleciendo los espacios de inclusi\u00f3n y contenci\u00f3n social, que tiene relaci\u00f3n con el actual crecimiento de la Direcci\u00f3n de Discapacidad que depende de la secretar\u00eda de Desarrollo Humano y Familia, la cual cuenta con un equipo especializado para llevar adelante estas actividades\u201d.<\/p>\n<p>Y a\u00f1adi\u00f3 &#8220;Estamos muy contentos por la incorporaci\u00f3n de Victoria Juarez como directora del sector por su desempe\u00f1o; adem\u00e1s contamos con veh\u00edculos nuevos y este a\u00f1o inauguraremos la sede propia de discapacidad, lugar que tuvo una inversi\u00f3n de 18 millones de pesos y que demuestra el inter\u00e9s de un proyecto de seguir afianzando las pol\u00edticas sociales y de inclusi\u00f3n en Comodoro\u201d.<\/p>\n<p>Por su parte, el director de Promoci\u00f3n de Calidad de Vida de las Personas con Discapacidad, Ra\u00fal Aguirre destac\u00f3 el fuerte v\u00ednculo que se genera entre las familias, el municipio, las secretar\u00edas y la Direcci\u00f3n de Discapacidad. \u201cLos chicos se apropian del espacio y son felices porque disfrutan, se reencuentran con sus amigos y luego de esta s\u00e9ptima edici\u00f3n de colonias de verano para personas con discapacidad, vamos a reunirnos para planificar las nuevas propuestas\u201d, concluy\u00f3.<\/p><\/div>\n","protected":false},"excerpt":{"rendered":"<p>Se realiz\u00f3 el primer encuentro de la colonia de verano destinado a personas con discapacidad.<\/p>\n","protected":false},"author":1,"featured_media":32669,"comment_status":"closed","ping_status":"closed","sticky":false,"template":"","format":"standard","meta":{"footnotes":""},"categories":[79],"tags":[],"class_list":["post-32668","post","type-post","status-publish","format-standard","has-post-thumbnail","hentry","category-noticias"],"_links":{"self":[{"href":"https:\/\/www.comodoro.gov.ar\/desarrollohumano\/wp-json\/wp\/v2\/posts\/32668","targetHints":{"allow":["GET"]}}],"collection":[{"href":"https:\/\/www.comodoro.gov.ar\/desarrollohumano\/wp-json\/wp\/v2\/posts"}],"about":[{"href":"https:\/\/www.comodoro.gov.ar\/desarrollohumano\/wp-json\/wp\/v2\/types\/post"}],"author":[{"embeddable":true,"href":"https:\/\/www.comodoro.gov.ar\/desarrollohumano\/wp-json\/wp\/v2\/users\/1"}],"replies":[{"embeddable":true,"href":"https:\/\/www.comodoro.gov.ar\/desarrollohumano\/wp-json\/wp\/v2\/comments?post=32668"}],"version-history":[{"count":0,"href":"https:\/\/www.comodoro.gov.ar\/desarrollohumano\/wp-json\/wp\/v2\/posts\/32668\/revisions"}],"wp:featuredmedia":[{"embeddable":true,"href":"https:\/\/www.comodoro.gov.ar\/desarrollohumano\/wp-json\/"}],"wp:attachment":[{"href":"https:\/\/www.comodoro.gov.ar\/desarrollohumano\/wp-json\/wp\/v2\/media?parent=32668"}],"wp:term":[{"taxonomy":"category","embeddable":true,"href":"https:\/\/www.comodoro.gov.ar\/desarrollohumano\/wp-json\/wp\/v2\/categories?post=32668"},{"taxonomy":"post_tag","embeddable":true,"href":"https:\/\/www.comodoro.gov.ar\/desarrollohumano\/wp-json\/wp\/v2\/tags?post=32668"}],"curies":[{"name":"wp","href":"https:\/\/api.w.org\/{rel}","templated":true}]}}