{"id":32746,"date":"2020-03-21T17:50:57","date_gmt":"2020-03-21T20:50:57","guid":{"rendered":"http:\/\/www.comodoro.gov.ar\/desarrollohumano\/?p=32746"},"modified":"2024-07-02T13:40:15","modified_gmt":"2024-07-02T16:40:15","slug":"la-municipalidad-intensifica-los-controles-y-hara-operativos-de-limpieza-en-el-ingreso-a-los-comercios-habilitados","status":"publish","type":"post","link":"https:\/\/www.comodoro.gov.ar\/desarrollohumano\/2020\/03\/21\/la-municipalidad-intensifica-los-controles-y-hara-operativos-de-limpieza-en-el-ingreso-a-los-comercios-habilitados\/","title":{"rendered":"La Municipalidad intensifica los controles y har\u00e1 operativos de limpieza en el ingreso a los comercios habilitados"},"content":{"rendered":"<p>Para extremar los cuidados de higiene y protecci\u00f3n de la poblaci\u00f3n, se mantendr\u00e1n desinfectados los ingresos a supermercados, farmacias, y dem\u00e1s comercios habilitados. En materia de seguridad, se agrega un nuevo control vehicular antes del ingreso sur a Rada Tilly. Se insiste en que la gente se quede en su casa en cumplimiento de la cuarentena obligatoria.<\/p>\n<p>&nbsp;<\/p>\n<p>En el marco de los controles permanentes que realiza la municipalidad en los ingresos a la ciudad, se decidi\u00f3 ampliar la cobertura para garantizar que no haya ingresos a Comodoro. De esta manera, adem\u00e1s de los controles ubicados en accesos sur y norte, se dispondr\u00e1 uno m\u00e1s sobre ruta 3 a la altura del barrio La Herradura, para evitar que cualquier persona pueda ingresar por otros accesos.<\/p>\n<p>Adem\u00e1s, las fuerzas de seguridad realizan constantes operativos en la zona urbana para garantizar que la poblaci\u00f3n cumpla con la cuarentena y sancionar a quienes no acatan el decreto. En este marco, durante la madrugada del s\u00e1bado hubo quince desacatos a la autoridad, personas que no cumplieron con la cuarentena y fueron detenidos por la Polic\u00eda del Chubut.<\/p>\n<p><strong>Control de precios y limpieza extrema<\/strong><\/p>\n<p>Asimismo, desde la Oficina de Defensa del consumidor han recibido muchas denuncias a comercios por sobreprecios, por no exhibici\u00f3n de los mismos, o por no contar con posnet para d\u00e9bito autom\u00e1tico que es obligatorio.<\/p>\n<p>Se labraron nuevas actas y multas en verduler\u00edas y carnicer\u00edas de la zona de San Cayetano y se continuar\u00e1 con un control permanente para que se respeten los precios y el abastecimiento de productos en supermercados, mini mercados, almacenes, verduler\u00edas, y todo comercio habilitado durante la cuarentena.<\/p>\n<p>Por otro lado, en conjunto con la empresa Urbana, se realizar\u00e1 un amplio operativo de limpieza en todos los ingresos a supermercados, verduler\u00edas, paradas de colectivos, farmacias, para que los vecinos que deban concurrir por una necesidad cuenten con las condiciones de higiene apropiadas.<\/p>\n<p>De igual modo, desde la municipalidad se solicita a toda la poblaci\u00f3n que se respete la cuarentena permaneciendo en las viviendas, en solidaridad y responsabilidad con toda la comunidad.<\/p>\n<p>&nbsp;<\/p>\n","protected":false},"excerpt":{"rendered":"<p>Para extremar los cuidados de higiene y protecci\u00f3n de la poblaci\u00f3n, se mantendr\u00e1n desinfectados los<\/p>\n","protected":false},"author":1,"featured_media":32747,"comment_status":"closed","ping_status":"closed","sticky":false,"template":"","format":"standard","meta":{"footnotes":""},"categories":[27,31,79],"tags":[],"class_list":["post-32746","post","type-post","status-publish","format-standard","has-post-thumbnail","hentry","category-coronavirus","category-destacada","category-noticias"],"_links":{"self":[{"href":"https:\/\/www.comodoro.gov.ar\/desarrollohumano\/wp-json\/wp\/v2\/posts\/32746","targetHints":{"allow":["GET"]}}],"collection":[{"href":"https:\/\/www.comodoro.gov.ar\/desarrollohumano\/wp-json\/wp\/v2\/posts"}],"about":[{"href":"https:\/\/www.comodoro.gov.ar\/desarrollohumano\/wp-json\/wp\/v2\/types\/post"}],"author":[{"embeddable":true,"href":"https:\/\/www.comodoro.gov.ar\/desarrollohumano\/wp-json\/wp\/v2\/users\/1"}],"replies":[{"embeddable":true,"href":"https:\/\/www.comodoro.gov.ar\/desarrollohumano\/wp-json\/wp\/v2\/comments?post=32746"}],"version-history":[{"count":1,"href":"https:\/\/www.comodoro.gov.ar\/desarrollohumano\/wp-json\/wp\/v2\/posts\/32746\/revisions"}],"predecessor-version":[{"id":34726,"href":"https:\/\/www.comodoro.gov.ar\/desarrollohumano\/wp-json\/wp\/v2\/posts\/32746\/revisions\/34726"}],"wp:featuredmedia":[{"embeddable":true,"href":"https:\/\/www.comodoro.gov.ar\/desarrollohumano\/wp-json\/"}],"wp:attachment":[{"href":"https:\/\/www.comodoro.gov.ar\/desarrollohumano\/wp-json\/wp\/v2\/media?parent=32746"}],"wp:term":[{"taxonomy":"category","embeddable":true,"href":"https:\/\/www.comodoro.gov.ar\/desarrollohumano\/wp-json\/wp\/v2\/categories?post=32746"},{"taxonomy":"post_tag","embeddable":true,"href":"https:\/\/www.comodoro.gov.ar\/desarrollohumano\/wp-json\/wp\/v2\/tags?post=32746"}],"curies":[{"name":"wp","href":"https:\/\/api.w.org\/{rel}","templated":true}]}}