{"id":32752,"date":"2020-03-25T13:38:34","date_gmt":"2020-03-25T16:38:34","guid":{"rendered":"http:\/\/www.comodoro.gov.ar\/desarrollohumano\/?p=32752"},"modified":"2024-07-02T13:40:25","modified_gmt":"2024-07-02T16:40:25","slug":"en-comodoro-y-rada-tilly-no-se-aplicara-la-restriccion-por-dni-en-supermercados-y-se-cerrara-los-domingos","status":"publish","type":"post","link":"https:\/\/www.comodoro.gov.ar\/desarrollohumano\/2020\/03\/25\/en-comodoro-y-rada-tilly-no-se-aplicara-la-restriccion-por-dni-en-supermercados-y-se-cerrara-los-domingos\/","title":{"rendered":"En Comodoro y Rada Tilly no se aplicar\u00e1 la restricci\u00f3n por DNI en supermercados y se cerrar\u00e1 los domingos"},"content":{"rendered":"<p>En reuni\u00f3n mantenida entre el intendente Juan Pablo Luque, junto a Luis Juncos y el ministro de Seguridad, Federico Massoni, consensuaron que en ambas ciudades se continuar\u00e1 sin restringir el acceso por la finalizaci\u00f3n del DNI, y se acord\u00f3 el cierre de los domingos para el descanso de los empleados y para profundizar en las medidas de desinfecci\u00f3n que en estas ciudades se realiza a diario.<\/p>\n<p>&nbsp;<\/p>\n<p>Luego de que este martes los municipios de Comodoro Rivadavia y Rada Tilly manifestaran su no adhesi\u00f3n al decreto provincial que establec\u00eda una restricci\u00f3n de ingreso al supermercado por d\u00edas, determinada por el n\u00famero de DNI, hoy se realiz\u00f3 una reuni\u00f3n entre los intendentes de ambas ciudades, Juan Pablo Luque y Luis Juncos, con el ministro de Seguridad de Chubut, Federico Massoni.<\/p>\n<p>&nbsp;<\/p>\n<p>Durante la reuni\u00f3n, el intendente Luque argument\u00f3 la posici\u00f3n del municipio de Comodoro de no restringir el acceso por d\u00edas, argumentando que esto provocar\u00eda un colapso superior por el tiempo que conllevar\u00eda el cotejo de DNI en el conglomerado m\u00e1s grande de la provincia. De esta manera se mantendr\u00e1 un l\u00edmite de hasta 50 personas en simult\u00e1neo \u2013 y una sola por grupo familiar- para ingresar a los supermercados, que adem\u00e1s deben cerrar a las 19:30 horas.<\/p>\n<p>&nbsp;<\/p>\n<p>Desinfecci\u00f3n y control de precios<\/p>\n<p>&nbsp;<\/p>\n<p>En otro punto, se consensu\u00f3 el cierre de los establecimientos los d\u00edas domingo. El objetivo es dar descanso al personal e incrementar a\u00fan m\u00e1s la desinfecci\u00f3n general para la protecci\u00f3n de los clientes.<\/p>\n<p>&nbsp;<\/p>\n<p>De todas maneras, en estas ciudades se realizan desinfecciones diarias y en distintos horarios en cada supermercado -algo que es controlado por la municipalidad-, como as\u00ed tambi\u00e9n el control de precios para evitar abusos y para lo cual se habilit\u00f3 un n\u00famero de Defensa del Consumidor:<\/p>\n<p>2974757288.<\/p>\n<p>&nbsp;<\/p>\n<p>Paralelamente el propio Municipio, continuar\u00e1 desinfectando las zonas externas de los supermercados, como as\u00ed tambi\u00e9n de establecimientos de salud, farmacias, garitas de colectivo, cajeros autom\u00e1ticos, y comercios menores de toda la ciudad.<\/p>\n<p>&nbsp;<\/p>\n","protected":false},"excerpt":{"rendered":"<p>En reuni\u00f3n mantenida entre el intendente Juan Pablo Luque, junto a Luis Juncos y el<\/p>\n","protected":false},"author":1,"featured_media":32753,"comment_status":"closed","ping_status":"closed","sticky":false,"template":"","format":"standard","meta":{"footnotes":""},"categories":[31,79,81],"tags":[],"class_list":["post-32752","post","type-post","status-publish","format-standard","has-post-thumbnail","hentry","category-destacada","category-noticias","category-novedades"],"_links":{"self":[{"href":"https:\/\/www.comodoro.gov.ar\/desarrollohumano\/wp-json\/wp\/v2\/posts\/32752","targetHints":{"allow":["GET"]}}],"collection":[{"href":"https:\/\/www.comodoro.gov.ar\/desarrollohumano\/wp-json\/wp\/v2\/posts"}],"about":[{"href":"https:\/\/www.comodoro.gov.ar\/desarrollohumano\/wp-json\/wp\/v2\/types\/post"}],"author":[{"embeddable":true,"href":"https:\/\/www.comodoro.gov.ar\/desarrollohumano\/wp-json\/wp\/v2\/users\/1"}],"replies":[{"embeddable":true,"href":"https:\/\/www.comodoro.gov.ar\/desarrollohumano\/wp-json\/wp\/v2\/comments?post=32752"}],"version-history":[{"count":1,"href":"https:\/\/www.comodoro.gov.ar\/desarrollohumano\/wp-json\/wp\/v2\/posts\/32752\/revisions"}],"predecessor-version":[{"id":34727,"href":"https:\/\/www.comodoro.gov.ar\/desarrollohumano\/wp-json\/wp\/v2\/posts\/32752\/revisions\/34727"}],"wp:featuredmedia":[{"embeddable":true,"href":"https:\/\/www.comodoro.gov.ar\/desarrollohumano\/wp-json\/"}],"wp:attachment":[{"href":"https:\/\/www.comodoro.gov.ar\/desarrollohumano\/wp-json\/wp\/v2\/media?parent=32752"}],"wp:term":[{"taxonomy":"category","embeddable":true,"href":"https:\/\/www.comodoro.gov.ar\/desarrollohumano\/wp-json\/wp\/v2\/categories?post=32752"},{"taxonomy":"post_tag","embeddable":true,"href":"https:\/\/www.comodoro.gov.ar\/desarrollohumano\/wp-json\/wp\/v2\/tags?post=32752"}],"curies":[{"name":"wp","href":"https:\/\/api.w.org\/{rel}","templated":true}]}}