{"id":32774,"date":"2020-03-30T19:43:05","date_gmt":"2020-03-30T22:43:05","guid":{"rendered":"http:\/\/www.comodoro.gov.ar\/desarrollohumano\/?p=32774"},"modified":"2024-07-02T13:44:38","modified_gmt":"2024-07-02T16:44:38","slug":"el-esfuerzo-lo-hacemos-entre-todos-luque-cedera-el-50-de-su-sueldo-y-el-de-la-planta-politica-municipal","status":"publish","type":"post","link":"https:\/\/www.comodoro.gov.ar\/desarrollohumano\/2020\/03\/30\/el-esfuerzo-lo-hacemos-entre-todos-luque-cedera-el-50-de-su-sueldo-y-el-de-la-planta-politica-municipal\/","title":{"rendered":"El esfuerzo lo hacemos entre todos: Luque ceder\u00e1 el 50% de su sueldo y el de la planta pol\u00edtica municipal"},"content":{"rendered":"<p>&#8220;Todos debemos hacer un esfuerzo en este momento, porque hablamos de una situaci\u00f3n muy compleja para toda la sociedad\u201d, expres\u00f3 el intendente.<\/p>\n<p>&nbsp;<\/p>\n<p>La medida saldr\u00e1 por resoluci\u00f3n y permitir\u00e1 utilizar el 50% del sueldo del intendente, viceintendente, todos los secretarios y subsecretarios para asignaci\u00f3n espec\u00edfica para compra de insumos sanitarios y atenci\u00f3n de cuestiones sociales, en el marco de las gestiones que se est\u00e1n realizando para equipar a la ciudad en el caso de que el covid-19 ingrese y se propague, y contener la situaci\u00f3n social que trae aparejada esta situaci\u00f3n.<\/p>\n<p>A la medida tambi\u00e9n adhirieron los miembros del Tribunal de Cuentas que ingresaron por el Frente de Todos, as\u00ed como los miembros del Ente de Control de los Servicios P\u00fablicos.<\/p>\n<p>\u201cEstamos en un momento cr\u00edtico mundial y todos debemos hacer un esfuerzo en este momento porque hablamos de salud, el bien m\u00e1s preciado\u201d, explic\u00f3 el intendente Juan Pablo Luque.<\/p>\n<p>Asimismo, advirti\u00f3 que \u201ces una medida que todos los funcionarios comprendieron y apoyaron porque somos servidores p\u00fablicos y tenemos que darle garant\u00edas a nuestra poblaci\u00f3n de que se est\u00e1n utilizando los recursos posibles para evitar que el virus ingrese a la ciudad, y para atacarlo si eso sucede\u201d.<\/p>\n<p>En un mensaje claro, el intendente afirm\u00f3 con contundencia que \u201cla comunidad entera est\u00e1 movilizada por lo que est\u00e1 sucediendo a nivel mundial. En Argentina afortunadamente tenemos un presidente que se anticip\u00f3 y tom\u00f3 medidas urgentes para cuidar la salud de la poblaci\u00f3n. Hay muchos actores y sectores productivos perjudicados pero la econom\u00eda se recupera, la salud no. Por eso entendimos que este municipio tambi\u00e9n tiene que sacrificarse, como lo est\u00e1 haciendo cada comodorense\u201d.<\/p>\n","protected":false},"excerpt":{"rendered":"<p>&#8220;Todos debemos hacer un esfuerzo en este momento, porque hablamos de una situaci\u00f3n muy compleja<\/p>\n","protected":false},"author":1,"featured_media":32775,"comment_status":"closed","ping_status":"closed","sticky":false,"template":"","format":"standard","meta":{"footnotes":""},"categories":[31,79],"tags":[],"class_list":["post-32774","post","type-post","status-publish","format-standard","has-post-thumbnail","hentry","category-destacada","category-noticias"],"_links":{"self":[{"href":"https:\/\/www.comodoro.gov.ar\/desarrollohumano\/wp-json\/wp\/v2\/posts\/32774","targetHints":{"allow":["GET"]}}],"collection":[{"href":"https:\/\/www.comodoro.gov.ar\/desarrollohumano\/wp-json\/wp\/v2\/posts"}],"about":[{"href":"https:\/\/www.comodoro.gov.ar\/desarrollohumano\/wp-json\/wp\/v2\/types\/post"}],"author":[{"embeddable":true,"href":"https:\/\/www.comodoro.gov.ar\/desarrollohumano\/wp-json\/wp\/v2\/users\/1"}],"replies":[{"embeddable":true,"href":"https:\/\/www.comodoro.gov.ar\/desarrollohumano\/wp-json\/wp\/v2\/comments?post=32774"}],"version-history":[{"count":1,"href":"https:\/\/www.comodoro.gov.ar\/desarrollohumano\/wp-json\/wp\/v2\/posts\/32774\/revisions"}],"predecessor-version":[{"id":34734,"href":"https:\/\/www.comodoro.gov.ar\/desarrollohumano\/wp-json\/wp\/v2\/posts\/32774\/revisions\/34734"}],"wp:featuredmedia":[{"embeddable":true,"href":"https:\/\/www.comodoro.gov.ar\/desarrollohumano\/wp-json\/"}],"wp:attachment":[{"href":"https:\/\/www.comodoro.gov.ar\/desarrollohumano\/wp-json\/wp\/v2\/media?parent=32774"}],"wp:term":[{"taxonomy":"category","embeddable":true,"href":"https:\/\/www.comodoro.gov.ar\/desarrollohumano\/wp-json\/wp\/v2\/categories?post=32774"},{"taxonomy":"post_tag","embeddable":true,"href":"https:\/\/www.comodoro.gov.ar\/desarrollohumano\/wp-json\/wp\/v2\/tags?post=32774"}],"curies":[{"name":"wp","href":"https:\/\/api.w.org\/{rel}","templated":true}]}}