{"id":32801,"date":"2020-04-07T15:00:35","date_gmt":"2020-04-07T18:00:35","guid":{"rendered":"http:\/\/www.comodoro.gov.ar\/desarrollohumano\/?p=32801"},"modified":"2024-07-02T13:47:21","modified_gmt":"2024-07-02T16:47:21","slug":"luque-anuncio-una-fuerte-linea-de-creditos-para-pymes-para-garantizar-la-continuidad-laboral-y-productiva-en-nuestra-ciudad","status":"publish","type":"post","link":"https:\/\/www.comodoro.gov.ar\/desarrollohumano\/2020\/04\/07\/luque-anuncio-una-fuerte-linea-de-creditos-para-pymes-para-garantizar-la-continuidad-laboral-y-productiva-en-nuestra-ciudad\/","title":{"rendered":"Luque anunci\u00f3 una fuerte l\u00ednea de cr\u00e9ditos para PyMEs para garantizar la continuidad laboral y productiva en nuestra ciudad"},"content":{"rendered":"<p>Se trata de una l\u00ednea de cr\u00e9ditos de tasa blanda, \u00edntegramente financiada con fondos municipales para ayudar a las empresas locales, que nuclean hasta un m\u00e1ximo de 7 empleados, para cubrir costos fijos salariales. Los montos van desde los 50 mil pesos hasta los 300 mil pesos, con una tasa fija de inter\u00e9s anual del 12 por ciento. En esta primera etapa, el Municipio dispondr\u00e1 la suma de 20 millones de pesos para tal fin. Asimismo, y como parte de estas medidas, se determin\u00f3 una disminuci\u00f3n del 50 por ciento sobre la tasa de inter\u00e9s moratoria o de financiaci\u00f3n de los impuestos en Ingresos Brutos.<\/p>\n<p>&nbsp;<\/p>\n<p>Este martes, en conferencia de prensa, el intendente Juan Pablo Luque anunci\u00f3 la decisi\u00f3n del Ejecutivo local de lanzar una hist\u00f3rica l\u00ednea de cr\u00e9ditos con fondos municipales, con el objetivo puesto en acompa\u00f1ar a las peque\u00f1as y medianas empresas, a fin de paliar la dif\u00edcil situaci\u00f3n econ\u00f3mica que atraviesan; producto de la profunda ca\u00edda de las ventas por el aislamiento obligatorio y preventivo que rige en todo el pa\u00eds.<\/p>\n<p>En la ocasi\u00f3n, lo acompa\u00f1aron el secretario de Econom\u00eda, Germ\u00e1n Issa Pfister; el secretario de Recaudaci\u00f3n, Israel Coen; y el presidente de la Agencia Comodoro Conocimiento, Nicol\u00e1s Caridi; quienes explicaron los alcances de la l\u00ednea crediticia.<\/p>\n<p>Al respecto, Juan Pablo Luque fue contundente al explicar que si bien el Gobierno Nacional present\u00f3 varias alternativas crediticias para las PyMEs y comercios, \u201cten\u00edamos la obligaci\u00f3n, desde el estado municipal, de acompa\u00f1ar a las empresas m\u00e1s peque\u00f1as de Comodoro, que en algunos casos estaban quedando fuera de las medidas ya anunciadas\u201d.<\/p>\n<p>\u201cTenemos la decisi\u00f3n de apoyar al peque\u00f1o comerciante y empresario local\u201d, enfatiz\u00f3; asegurando que se dispondr\u00e1, inicialmente, de 20 millones de pesos, gracias a la capacidad financiera del Municipio.<\/p>\n<p>\u201cPretendemos que esta l\u00ednea de cr\u00e9dito contin\u00fae en el tiempo m\u00e1s all\u00e1 de esta situaci\u00f3n en particular\u201d, dijo.<\/p>\n<p>Detalles de la l\u00ednea de cr\u00e9ditos<\/p>\n<p>Este pr\u00e9stamo est\u00e1 destinado a personas f\u00edsicas o jur\u00eddicas (PyMEs) domiciliadas en Comodoro Rivadavia que nuclean hasta 7 personas; y los montos var\u00edan de 50 mil a 300 mil pesos, con una tasa de inter\u00e9s fija bonificada del 12 por ciento. El mismo podr\u00e1 ser saldado hasta en 18 cuotas, con 3 meses de plazo de gracia.<\/p>\n<p>En contraprestaci\u00f3n, quienes accedan al cr\u00e9dito deber\u00e1n sostener la n\u00f3mina salarial declarada al momento de su solicitud, porque el objetivo de este acompa\u00f1amiento es exclusivamente garantizar la continuidad laboral y productiva en Comodoro. Caso contrario, se aplicar\u00e1 una penalidad que implicar\u00e1 un incremento en la tasa de inter\u00e9s de hasta el\u00a0 36 por ciento anual.<\/p>\n<p>Cabe destacar que, esta l\u00ednea de tasa blanda es complementaria a las impulsadas por el Gobierno Nacional, por lo que podr\u00e1n gozar de la misma independientemente de si ya accedieron a otro tipo de financiamiento.<\/p>\n<p>Bases y condiciones<\/p>\n<p>Las bases y condiciones para la l\u00ednea de cr\u00e9ditos ser\u00e1n difundidas pr\u00f3ximamente desde la Agencia Comodoro Conocimiento, que actuar\u00e1 como \u00f3rgano de aplicaci\u00f3n, con el acompa\u00f1amiento de la C\u00e1mara de Comercio de Comodoro Rivadavia y la C\u00e1mara Hotelera y Gastron\u00f3mica.<\/p>\n<p>En un importante trabajo articulado se lograr\u00e1 mantener el nivel de empleo en la ciudad y se garantizar\u00e1 la recuperaci\u00f3n econ\u00f3mica, evitando el cierre de las empresas m\u00e1s vulnerables.<\/p>\n<p>Medidas fiscales<\/p>\n<p>Por otra parte, desde la Secretar\u00eda de Recaudaci\u00f3n se anunciaron otras medidas que ser\u00e1n de gran ayuda para aquellos que sufrieron una merma en su actividad comercial, en las \u00faltimas semanas.<\/p>\n<p>En ese marco, se oficializ\u00f3 la reducci\u00f3n del 50 por ciento de la tasa de inter\u00e9s en planes de financiaci\u00f3n por moratoria, como as\u00ed tambi\u00e9n la pr\u00f3rroga en los vencimientos de ingresos brutos correspondientes a los periodos de marzo, abril y mayo del corriente.<\/p>\n<p>Agradecimiento a PAE<\/p>\n<p>En otra l\u00ednea de su discurso, el intendente Luque valor\u00f3 el enorme compromiso empresarial de la operadora Pan American Energy (PAE) para con la comunidad local; que destina fondos, de manera permanente, a la compra de todo insumo que se requiera en la ciudad para afrontar la demanda sanitaria.<\/p>\n<p>\u201cEste Municipio no est\u00e1 solo en la generaci\u00f3n de acciones para evitar el colapso sanitario. Contamos, por ejemplo, con el respaldo de PAE, que nos ayud\u00f3 a comprar el equipo PCR para el testeo del virus y la donaci\u00f3n de respiradores; adem\u00e1s de ponerse a disposici\u00f3n de este Municipio para generar 18 camas m\u00e1s para Comodoro a trav\u00e9s de un hospital de campa\u00f1a que van a instalar\u201d, puntualiz\u00f3.<\/p>\n","protected":false},"excerpt":{"rendered":"<p>Se trata de una l\u00ednea de cr\u00e9ditos de tasa blanda, \u00edntegramente financiada con fondos municipales<\/p>\n","protected":false},"author":1,"featured_media":32743,"comment_status":"closed","ping_status":"closed","sticky":false,"template":"","format":"standard","meta":{"footnotes":""},"categories":[31,79,81],"tags":[],"class_list":["post-32801","post","type-post","status-publish","format-standard","has-post-thumbnail","hentry","category-destacada","category-noticias","category-novedades"],"_links":{"self":[{"href":"https:\/\/www.comodoro.gov.ar\/desarrollohumano\/wp-json\/wp\/v2\/posts\/32801","targetHints":{"allow":["GET"]}}],"collection":[{"href":"https:\/\/www.comodoro.gov.ar\/desarrollohumano\/wp-json\/wp\/v2\/posts"}],"about":[{"href":"https:\/\/www.comodoro.gov.ar\/desarrollohumano\/wp-json\/wp\/v2\/types\/post"}],"author":[{"embeddable":true,"href":"https:\/\/www.comodoro.gov.ar\/desarrollohumano\/wp-json\/wp\/v2\/users\/1"}],"replies":[{"embeddable":true,"href":"https:\/\/www.comodoro.gov.ar\/desarrollohumano\/wp-json\/wp\/v2\/comments?post=32801"}],"version-history":[{"count":1,"href":"https:\/\/www.comodoro.gov.ar\/desarrollohumano\/wp-json\/wp\/v2\/posts\/32801\/revisions"}],"predecessor-version":[{"id":34740,"href":"https:\/\/www.comodoro.gov.ar\/desarrollohumano\/wp-json\/wp\/v2\/posts\/32801\/revisions\/34740"}],"wp:featuredmedia":[{"embeddable":true,"href":"https:\/\/www.comodoro.gov.ar\/desarrollohumano\/wp-json\/"}],"wp:attachment":[{"href":"https:\/\/www.comodoro.gov.ar\/desarrollohumano\/wp-json\/wp\/v2\/media?parent=32801"}],"wp:term":[{"taxonomy":"category","embeddable":true,"href":"https:\/\/www.comodoro.gov.ar\/desarrollohumano\/wp-json\/wp\/v2\/categories?post=32801"},{"taxonomy":"post_tag","embeddable":true,"href":"https:\/\/www.comodoro.gov.ar\/desarrollohumano\/wp-json\/wp\/v2\/tags?post=32801"}],"curies":[{"name":"wp","href":"https:\/\/api.w.org\/{rel}","templated":true}]}}