{"id":32817,"date":"2020-04-09T14:40:04","date_gmt":"2020-04-09T17:40:04","guid":{"rendered":"http:\/\/www.comodoro.gov.ar\/desarrollohumano\/?p=32817"},"modified":"2024-07-02T13:49:26","modified_gmt":"2024-07-02T16:49:26","slug":"el-municipio-intensifica-los-controles-y-las-multas-por-infringir-la-cuarentena","status":"publish","type":"post","link":"https:\/\/www.comodoro.gov.ar\/desarrollohumano\/2020\/04\/09\/el-municipio-intensifica-los-controles-y-las-multas-por-infringir-la-cuarentena\/","title":{"rendered":"El Municipio intensifica los controles y las multas por infringir la cuarentena"},"content":{"rendered":"<p>El intendente Juan Pablo Luque, instruy\u00f3 a la Secretar\u00eda de Control Operativo para que se refuercen los controles en distintos puntos de la ciudad para evitar la circulaci\u00f3n sin motivo justificado. Para aquellos que infringen la cuarentena, se labran multas elevadas y hasta el secuestro de los veh\u00edculos.<\/p>\n<p>&nbsp;<\/p>\n<p>El secretario Ricardo Gait\u00e1n explic\u00f3 que \u201cen esta semana santa intensificamos los controles para evitar que la gente circule sin motivos. Hay mucha gente que no trabaja el fin de semana largo y deben cumplir con la cuarentena obligatoria por el bien de toda la comunidad\u201d.<\/p>\n<p>Desde la Municipalidad se hab\u00eda anticipado por resoluci\u00f3n la penalizaci\u00f3n de las infracciones a trav\u00e9s de multas y hasta el secuestro de los veh\u00edculos. \u201cSon sanciones elevadas porque consideramos que es una forma de hacer entender a los que todav\u00eda no comprenden la importancia de quedarse en casa y cuidar la salud de todos\u201d, agreg\u00f3 Gait\u00e1n.<\/p>\n<p>Los automovilistas que circulen por la ciudad y sean interceptados en los retenes deben justificar su accionar demostrando con documentaci\u00f3n hacia d\u00f3nde se dirigen, algo que deben estar entre las excepciones contempladas por Naci\u00f3n. En caso contrario, no solo ser\u00e1n sometidos a una posible sanci\u00f3n econ\u00f3mica, sino tambi\u00e9n al secuestro del veh\u00edculo por infringir el aislamiento preventivo obligatorio vigente.<\/p>\n<p>&nbsp;<\/p>\n","protected":false},"excerpt":{"rendered":"<p>El intendente Juan Pablo Luque, instruy\u00f3 a la Secretar\u00eda de Control Operativo para que se<\/p>\n","protected":false},"author":1,"featured_media":32818,"comment_status":"closed","ping_status":"closed","sticky":false,"template":"","format":"standard","meta":{"footnotes":""},"categories":[27,31,79],"tags":[],"class_list":["post-32817","post","type-post","status-publish","format-standard","has-post-thumbnail","hentry","category-coronavirus","category-destacada","category-noticias"],"_links":{"self":[{"href":"https:\/\/www.comodoro.gov.ar\/desarrollohumano\/wp-json\/wp\/v2\/posts\/32817","targetHints":{"allow":["GET"]}}],"collection":[{"href":"https:\/\/www.comodoro.gov.ar\/desarrollohumano\/wp-json\/wp\/v2\/posts"}],"about":[{"href":"https:\/\/www.comodoro.gov.ar\/desarrollohumano\/wp-json\/wp\/v2\/types\/post"}],"author":[{"embeddable":true,"href":"https:\/\/www.comodoro.gov.ar\/desarrollohumano\/wp-json\/wp\/v2\/users\/1"}],"replies":[{"embeddable":true,"href":"https:\/\/www.comodoro.gov.ar\/desarrollohumano\/wp-json\/wp\/v2\/comments?post=32817"}],"version-history":[{"count":1,"href":"https:\/\/www.comodoro.gov.ar\/desarrollohumano\/wp-json\/wp\/v2\/posts\/32817\/revisions"}],"predecessor-version":[{"id":34745,"href":"https:\/\/www.comodoro.gov.ar\/desarrollohumano\/wp-json\/wp\/v2\/posts\/32817\/revisions\/34745"}],"wp:featuredmedia":[{"embeddable":true,"href":"https:\/\/www.comodoro.gov.ar\/desarrollohumano\/wp-json\/"}],"wp:attachment":[{"href":"https:\/\/www.comodoro.gov.ar\/desarrollohumano\/wp-json\/wp\/v2\/media?parent=32817"}],"wp:term":[{"taxonomy":"category","embeddable":true,"href":"https:\/\/www.comodoro.gov.ar\/desarrollohumano\/wp-json\/wp\/v2\/categories?post=32817"},{"taxonomy":"post_tag","embeddable":true,"href":"https:\/\/www.comodoro.gov.ar\/desarrollohumano\/wp-json\/wp\/v2\/tags?post=32817"}],"curies":[{"name":"wp","href":"https:\/\/api.w.org\/{rel}","templated":true}]}}