{"id":32849,"date":"2020-04-16T11:46:11","date_gmt":"2020-04-16T14:46:11","guid":{"rendered":"http:\/\/www.comodoro.gov.ar\/desarrollohumano\/?p=32849"},"modified":"2024-07-02T13:53:39","modified_gmt":"2024-07-02T16:53:39","slug":"la-municipalidad-recomienda-el-uso-de-tapabocas-para-concurrir-a-lugares-donde-no-pueda-respetarse-la-distancia-fisica","status":"publish","type":"post","link":"https:\/\/www.comodoro.gov.ar\/desarrollohumano\/2020\/04\/16\/la-municipalidad-recomienda-el-uso-de-tapabocas-para-concurrir-a-lugares-donde-no-pueda-respetarse-la-distancia-fisica\/","title":{"rendered":"La Municipalidad recomienda el uso de tapabocas para concurrir a lugares donde no pueda respetarse la distancia f\u00edsica"},"content":{"rendered":"<p>Se promueve a los fines de desacelerar la propagaci\u00f3n de la enfermedad, ya que previene que los pacientes asintom\u00e1ticos que est\u00e9n circulando no esparzan el virus, sobre todo en lugares donde el distanciamiento social sea dif\u00edcil de cumplir, como en farmacias, bancos, supermercados, entre otros. Sin embargo, los especialistas advierten que las medidas de limpieza e higiene personal son las que deben prevalecer.<\/p>\n<p>&nbsp;<\/p>\n<p>Desde la Municipalidad, a trav\u00e9s de la Secretar\u00eda de Salud, y en conjunto con el Ministerio de Salud de la Provincia, recomienda -sin obligaci\u00f3n por el momento- el uso de tapabocas caseros para concurrir a lugares con mucha circulaci\u00f3n de personas como farmacias, bancos, supermercados, entre otros.<\/p>\n<p>El objetivo es tambi\u00e9n evitar el uso de barbijos quir\u00fargicos y N95 que deben quedar disponibles para el personal de salud, pacientes enfermos y aquellos que cuidan de ellos.<\/p>\n<p>El secretario de Salud municipal, Carlos Catal\u00e1, resalt\u00f3 que \u201cel uso de este tipo de m\u00e1scaras no dejan de lado las medidas higi\u00e9nicas, como lavarnos las manos y toser en el pliegue del codo, como as\u00ed tambi\u00e9n mantener el distanciamiento social de 1,5 metros. Si respetamos eso, es el principal ant\u00eddoto que existe hoy\u201d.<\/p>\n<p><strong>C\u00f3mo fabricar tapabocas y c\u00f3mo usarlos<\/strong><\/p>\n<p>Para fabricar m\u00e1scaras personales hay que tener en cuenta varias cuestiones: Que ofrezcan una buena respirabilidad; que sean c\u00f3modas; que permitan buen ajuste; que cubran nariz, boca y ment\u00f3n; que tengan varias capas y que sean lavables.<\/p>\n<p>\u201cTeniendo estos recaudos, nos garantizamos que nos toquemos menos veces el barbijo para acomodarlo y por ende, la cara. Tambi\u00e9n que su uso sea grato\u201d, explic\u00f3 Catal\u00e1.<\/p>\n<p>Dentro de las telas que se pueden utilizar est\u00e1n las siguientes: friselina de alto gramaje, (como la de las bolsas de compra); o algod\u00f3n (como la de fundas de almohadas y remeras). Y entre las capas de tela es necesario\u00a0 colocar alguna servilleta de papel, filtro o nylon. Pero siempre tener en cuenta que sea un material que no dificulte la respiraci\u00f3n.<\/p>\n<p>Cuando se deja de usar, hay que lavar el tapabocas con agua caliente y jab\u00f3n y no dejarlo sin lavar sobre mesadas, mesas y otras superficies, ya que se dispersan los microrganismos. Antes de retirarlo, es necesario tener las manos limpias, y luego hacerlo por las bandas o hilos de sujeci\u00f3n, sin tocar la m\u00e1scara. Una vez retirada, otra vez hay que lavarse las manos con agua y jab\u00f3n o alg\u00fan desinfectante a base de alcohol.<\/p>\n","protected":false},"excerpt":{"rendered":"<p>Se promueve a los fines de desacelerar la propagaci\u00f3n de la enfermedad, ya que previene<\/p>\n","protected":false},"author":1,"featured_media":32850,"comment_status":"closed","ping_status":"closed","sticky":false,"template":"","format":"standard","meta":{"footnotes":""},"categories":[27,31,79,81],"tags":[],"class_list":["post-32849","post","type-post","status-publish","format-standard","has-post-thumbnail","hentry","category-coronavirus","category-destacada","category-noticias","category-novedades"],"_links":{"self":[{"href":"https:\/\/www.comodoro.gov.ar\/desarrollohumano\/wp-json\/wp\/v2\/posts\/32849","targetHints":{"allow":["GET"]}}],"collection":[{"href":"https:\/\/www.comodoro.gov.ar\/desarrollohumano\/wp-json\/wp\/v2\/posts"}],"about":[{"href":"https:\/\/www.comodoro.gov.ar\/desarrollohumano\/wp-json\/wp\/v2\/types\/post"}],"author":[{"embeddable":true,"href":"https:\/\/www.comodoro.gov.ar\/desarrollohumano\/wp-json\/wp\/v2\/users\/1"}],"replies":[{"embeddable":true,"href":"https:\/\/www.comodoro.gov.ar\/desarrollohumano\/wp-json\/wp\/v2\/comments?post=32849"}],"version-history":[{"count":1,"href":"https:\/\/www.comodoro.gov.ar\/desarrollohumano\/wp-json\/wp\/v2\/posts\/32849\/revisions"}],"predecessor-version":[{"id":34756,"href":"https:\/\/www.comodoro.gov.ar\/desarrollohumano\/wp-json\/wp\/v2\/posts\/32849\/revisions\/34756"}],"wp:featuredmedia":[{"embeddable":true,"href":"https:\/\/www.comodoro.gov.ar\/desarrollohumano\/wp-json\/"}],"wp:attachment":[{"href":"https:\/\/www.comodoro.gov.ar\/desarrollohumano\/wp-json\/wp\/v2\/media?parent=32849"}],"wp:term":[{"taxonomy":"category","embeddable":true,"href":"https:\/\/www.comodoro.gov.ar\/desarrollohumano\/wp-json\/wp\/v2\/categories?post=32849"},{"taxonomy":"post_tag","embeddable":true,"href":"https:\/\/www.comodoro.gov.ar\/desarrollohumano\/wp-json\/wp\/v2\/tags?post=32849"}],"curies":[{"name":"wp","href":"https:\/\/api.w.org\/{rel}","templated":true}]}}