{"id":32853,"date":"2020-04-16T14:19:34","date_gmt":"2020-04-16T17:19:34","guid":{"rendered":"http:\/\/www.comodoro.gov.ar\/desarrollohumano\/?p=32853"},"modified":"2024-07-02T13:53:48","modified_gmt":"2024-07-02T16:53:48","slug":"municipio-extrema-los-controles-en-los-accesos-a-la-ciudad-con-un-nuevo-modulo-suroeste","status":"publish","type":"post","link":"https:\/\/www.comodoro.gov.ar\/desarrollohumano\/2020\/04\/16\/municipio-extrema-los-controles-en-los-accesos-a-la-ciudad-con-un-nuevo-modulo-suroeste\/","title":{"rendered":"Municipio extrema los controles en los accesos a la ciudad con un nuevo m\u00f3dulo suroeste"},"content":{"rendered":"<p>&nbsp;<\/p>\n<p>Para profundizar las medidas dispuestas en el marco del aislamiento social, preventivo y obligatorio, el intendente Juan Pablo Luque en un acuerdo con la Agencia de Vialidad Nacional, decidi\u00f3 poner en funcionamiento un nuevo m\u00f3dulo de control en el acceso suroeste de Comodoro Rivadavia, con presencia municipal y de la Agencia de Vialidad Provincial durante las 24 horas. El nuevo puesto ubicado sobre Ruta 26, camino hacia la localidad de Sarmiento, desplegar\u00e1 los mismos controles que en el resto de los m\u00f3dulos para quienes pretendan ingresar a la ciudad.<\/p>\n<p>&nbsp;<\/p>\n<p>Con el objetivo de evitar la propagaci\u00f3n del COVID-19 en la ciudad, este jueves por la ma\u00f1ana, el mandatario comunal puso en marcha el nuevo m\u00f3dulo suroeste de control, afirmando que \u201cagradecemos el compromiso y respuesta inmediata de la Agencia de Vialidad Nacional con quienes realizamos un trabajo conjunto en esta construcci\u00f3n que ten\u00edamos hace un par de a\u00f1os en la zona pero que no estaba operativa\u201d.<\/p>\n<p>\u201cHemos decidido junto al secretario de Gobierno, Maximiliano Sampaoli y el secretario de Control Urbano y Operativo, Ricardo Gait\u00e1n, poner en funcionamiento este m\u00f3dulo para tener un mejor cerrojo de quienes ingresan a Comodoro\u201d, expres\u00f3 y destac\u00f3 la labor de los agentes municipales \u201cque est\u00e1n presentes las 24 horas en las calles para prevenir y cuidarnos a todos los comodorenses\u201d.<\/p>\n<p>Modalidad<\/p>\n<p>En cuanto a las caracter\u00edsticas de los procedimientos de control en el nuevo m\u00f3dulo, el secretario Gait\u00e1n describi\u00f3 que \u201cse replicar\u00e1n las mismas tareas que venimos realizando en los m\u00f3dulos Norte y Sur, en conjunto con la Agencia de Vialidad Provincial y personal municipal durante las 24 horas porque as\u00ed lo permiten las instalaciones\u201d, asegur\u00f3.<\/p>\n<p>Asimismo, indic\u00f3 que se efectuar\u00e1n las Declaraciones Juradas correspondientes a quienes arriben a la ciudad desde otras provincias o lugares considerados de riesgo en cuanto a la potencial trasmisi\u00f3n del Coronavirus y que deban cumplir de manera efectiva el periodo de cuarentena.<\/p>\n<p>Sobre esto \u00faltimo, afirm\u00f3 que se contin\u00faan con los controles de verificaci\u00f3n de cumplimiento de la cuarentena por parte de los agentes de la Polic\u00eda Federal y personal municipal, que incluyen 2 o hasta 3 visitas por d\u00eda a los domicilios particulares, con previas medidas de seguridad y sin tener contacto directo con los aislados.<\/p>\n<p>\u201cHasta el momento se detectaron 3 casos de personas que violaron la normativa del aislamiento social en sus domicilios y que fueron denunciados ante Fiscal\u00eda como corresponde\u201d, revel\u00f3 y ratific\u00f3 que \u201csi se detecta alg\u00fan caso sospechoso, se desprende el protocolo de acci\u00f3n conjunta con la Secretar\u00eda de Salud a trav\u00e9s del 107\u201d.<\/p>\n","protected":false},"excerpt":{"rendered":"<p>&nbsp; Para profundizar las medidas dispuestas en el marco del aislamiento social, preventivo y obligatorio,<\/p>\n","protected":false},"author":1,"featured_media":32854,"comment_status":"closed","ping_status":"closed","sticky":false,"template":"","format":"standard","meta":{"footnotes":""},"categories":[27,31,79],"tags":[],"class_list":["post-32853","post","type-post","status-publish","format-standard","has-post-thumbnail","hentry","category-coronavirus","category-destacada","category-noticias"],"_links":{"self":[{"href":"https:\/\/www.comodoro.gov.ar\/desarrollohumano\/wp-json\/wp\/v2\/posts\/32853","targetHints":{"allow":["GET"]}}],"collection":[{"href":"https:\/\/www.comodoro.gov.ar\/desarrollohumano\/wp-json\/wp\/v2\/posts"}],"about":[{"href":"https:\/\/www.comodoro.gov.ar\/desarrollohumano\/wp-json\/wp\/v2\/types\/post"}],"author":[{"embeddable":true,"href":"https:\/\/www.comodoro.gov.ar\/desarrollohumano\/wp-json\/wp\/v2\/users\/1"}],"replies":[{"embeddable":true,"href":"https:\/\/www.comodoro.gov.ar\/desarrollohumano\/wp-json\/wp\/v2\/comments?post=32853"}],"version-history":[{"count":1,"href":"https:\/\/www.comodoro.gov.ar\/desarrollohumano\/wp-json\/wp\/v2\/posts\/32853\/revisions"}],"predecessor-version":[{"id":34757,"href":"https:\/\/www.comodoro.gov.ar\/desarrollohumano\/wp-json\/wp\/v2\/posts\/32853\/revisions\/34757"}],"wp:featuredmedia":[{"embeddable":true,"href":"https:\/\/www.comodoro.gov.ar\/desarrollohumano\/wp-json\/"}],"wp:attachment":[{"href":"https:\/\/www.comodoro.gov.ar\/desarrollohumano\/wp-json\/wp\/v2\/media?parent=32853"}],"wp:term":[{"taxonomy":"category","embeddable":true,"href":"https:\/\/www.comodoro.gov.ar\/desarrollohumano\/wp-json\/wp\/v2\/categories?post=32853"},{"taxonomy":"post_tag","embeddable":true,"href":"https:\/\/www.comodoro.gov.ar\/desarrollohumano\/wp-json\/wp\/v2\/tags?post=32853"}],"curies":[{"name":"wp","href":"https:\/\/api.w.org\/{rel}","templated":true}]}}