{"id":32870,"date":"2020-04-18T16:37:17","date_gmt":"2020-04-18T19:37:17","guid":{"rendered":"http:\/\/www.comodoro.gov.ar\/desarrollohumano\/?p=32870"},"modified":"2024-07-02T13:57:17","modified_gmt":"2024-07-02T16:57:17","slug":"luque-hablo-con-el-presidente-alberto-fernandez-por-teleconferencia","status":"publish","type":"post","link":"https:\/\/www.comodoro.gov.ar\/desarrollohumano\/2020\/04\/18\/luque-hablo-con-el-presidente-alberto-fernandez-por-teleconferencia\/","title":{"rendered":"Luque habl\u00f3 con el presidente Alberto Fern\u00e1ndez por teleconferencia"},"content":{"rendered":"<p>El intendente Juan Pablo Luque dialog\u00f3 por teleconferencia con el presidente de la Naci\u00f3n. \u201cLe agradec\u00ed por cuidarnos a todos los argentinos\u201d, expres\u00f3. Y tambi\u00e9n solicit\u00f3 ayuda para traer m\u00e1s insumos y para que los sectores m\u00e1s golpeados puedan salir adelante.<\/p>\n<p>&nbsp;<\/p>\n<p>Durante la teleconferencia con el presidente Alberto Fern\u00e1ndez y asesores, el intendente Juan Pablo Luque le agradeci\u00f3 \u201cpor la forma en la que est\u00e1 tratando de cuidarnos a todos los argentinos, en un contexto desfavorable en todo el mundo que a \u00e9l le toc\u00f3 afrontar en los primeros meses de gobierno y tom\u00f3 decisiones dif\u00edciles con empat\u00eda en la mayor\u00eda de la poblaci\u00f3n, priorizando la salud, que es lo m\u00e1s importante\u201d, resalt\u00f3 Luque.<\/p>\n<p>En este sentido, \u201cno solo coincidimos en que la forma en que se decret\u00f3 y llev\u00f3 adelante la cuarentena fue la m\u00e1s propicia, sino que en esta ciudad incluso adelantamos esas medidas cerrando el ingreso a la ciudad antes del 20 de marzo\u201d, record\u00f3.<\/p>\n<p>Adem\u00e1s, durante la charla, el presidente se preocup\u00f3 por conocer la preparaci\u00f3n de la ciudad en materia sanitaria. Luque le coment\u00f3 la inversi\u00f3n en salud y en lo social que est\u00e1 haciendo el Municipio con fondos propios, con la compra de equipamiento e insumos para toda la ciudad.<\/p>\n<p>Asimismo, el intendente solicit\u00f3 el acompa\u00f1amiento del gobierno nacional para poder traer los elementos que el municipio quiere seguir comprando en materia de salud y que por la importaci\u00f3n todav\u00eda no se puede lograr.<\/p>\n<p>Por \u00faltimo, otro tema importante fue la situaci\u00f3n cr\u00edtica de los sectores productivos: por un lado, los no exceptuados para trabajar durante la cuarentena como gran parte del sector comercial, y por otro lado la industria petrolera impactada por la baja contundente del barril y la falta de exportaci\u00f3n. \u201cNos preocupa la situaci\u00f3n de los sectores productivos y le ped\u00ed al presidente que elaboremos estrategias para sostener a las empresas porque son las que generan trabajo y es lo que hay que intentar mantener\u201d.<\/p>\n","protected":false},"excerpt":{"rendered":"<p>El intendente Juan Pablo Luque dialog\u00f3 por teleconferencia con el presidente de la Naci\u00f3n. \u201cLe<\/p>\n","protected":false},"author":1,"featured_media":32871,"comment_status":"closed","ping_status":"closed","sticky":false,"template":"","format":"standard","meta":{"footnotes":""},"categories":[27,31,79,81],"tags":[],"class_list":["post-32870","post","type-post","status-publish","format-standard","has-post-thumbnail","hentry","category-coronavirus","category-destacada","category-noticias","category-novedades"],"_links":{"self":[{"href":"https:\/\/www.comodoro.gov.ar\/desarrollohumano\/wp-json\/wp\/v2\/posts\/32870","targetHints":{"allow":["GET"]}}],"collection":[{"href":"https:\/\/www.comodoro.gov.ar\/desarrollohumano\/wp-json\/wp\/v2\/posts"}],"about":[{"href":"https:\/\/www.comodoro.gov.ar\/desarrollohumano\/wp-json\/wp\/v2\/types\/post"}],"author":[{"embeddable":true,"href":"https:\/\/www.comodoro.gov.ar\/desarrollohumano\/wp-json\/wp\/v2\/users\/1"}],"replies":[{"embeddable":true,"href":"https:\/\/www.comodoro.gov.ar\/desarrollohumano\/wp-json\/wp\/v2\/comments?post=32870"}],"version-history":[{"count":1,"href":"https:\/\/www.comodoro.gov.ar\/desarrollohumano\/wp-json\/wp\/v2\/posts\/32870\/revisions"}],"predecessor-version":[{"id":34763,"href":"https:\/\/www.comodoro.gov.ar\/desarrollohumano\/wp-json\/wp\/v2\/posts\/32870\/revisions\/34763"}],"wp:featuredmedia":[{"embeddable":true,"href":"https:\/\/www.comodoro.gov.ar\/desarrollohumano\/wp-json\/"}],"wp:attachment":[{"href":"https:\/\/www.comodoro.gov.ar\/desarrollohumano\/wp-json\/wp\/v2\/media?parent=32870"}],"wp:term":[{"taxonomy":"category","embeddable":true,"href":"https:\/\/www.comodoro.gov.ar\/desarrollohumano\/wp-json\/wp\/v2\/categories?post=32870"},{"taxonomy":"post_tag","embeddable":true,"href":"https:\/\/www.comodoro.gov.ar\/desarrollohumano\/wp-json\/wp\/v2\/tags?post=32870"}],"curies":[{"name":"wp","href":"https:\/\/api.w.org\/{rel}","templated":true}]}}