{"id":32873,"date":"2020-04-20T13:01:38","date_gmt":"2020-04-20T16:01:38","guid":{"rendered":"http:\/\/www.comodoro.gov.ar\/desarrollohumano\/?p=32873"},"modified":"2024-07-02T13:57:28","modified_gmt":"2024-07-02T16:57:28","slug":"luque-elogio-la-decision-del-presidente-de-brindar-ayuda-economica-a-los-trabajadores-autonomos-y-empresas","status":"publish","type":"post","link":"https:\/\/www.comodoro.gov.ar\/desarrollohumano\/2020\/04\/20\/luque-elogio-la-decision-del-presidente-de-brindar-ayuda-economica-a-los-trabajadores-autonomos-y-empresas\/","title":{"rendered":"Luque elogi\u00f3 la decisi\u00f3n del presidente de brindar ayuda econ\u00f3mica a los trabajadores aut\u00f3nomos y empresas"},"content":{"rendered":"<p>&nbsp;<\/p>\n<p>Tras cumplimentarse un mes del aislamiento social, preventivo y obligatorio, el Estado nacional emiti\u00f3 en el d\u00eda de ayer, un nuevo decreto en el marco del Programa de Asistencia de emergencia al trabajo y a la producci\u00f3n. Sobre el tema, el intendente municipal, tom\u00f3 con buen \u00e1nimo el arribo de esta determinaci\u00f3n ya que \u201cinclusive tuve oportunidad de plante\u00e1rselo el fin de semana al Presidente en la teleconferencia que particip\u00e9, puesto que estas medidas ser\u00e1n un alivio para la industria local que se vio paralizada en esta cuarentena as\u00ed como tambi\u00e9n, para el trabajador en general. Se est\u00e1n tomando todos los recaudos necesarios para que la familia argentina siga en pie\u201d.<\/p>\n<p>&nbsp;<\/p>\n<p>El Decreto de Necesidad y Urgencia N\u00b0 376 menciona sendos puntos que refieren a la autorizaci\u00f3n de postergar o reducir hasta un 95% el pago de las contribuciones patronales al sistema integrado previsional argentino; a la decisi\u00f3n del gobierno nacional de abonar el pago del salario complementario para los trabajadores en relaci\u00f3n de dependencia del sector privado; de otorgar cr\u00e9ditos a tasa cero para personas adheridas al R\u00e9gimen Simplificado para Peque\u00f1os Contribuyentes y para trabajadoras y trabajadores aut\u00f3nomos y de poner en marcha un Sistema integral de prestaciones por desempleo a todos aquellos trabajadores que re\u00fanan los requisitos.<\/p>\n<p>La decisi\u00f3n del ejecutivo nacional considera que estas medidas \u201cno solo se deben procurar para proteger la salud p\u00fablica sino tambi\u00e9n coordinar esfuerzos para morigerar el impacto de las medidas sanitarias sobre los procesos productivos, el desarrollo de las actividades independientes y el empleo\u201d.<\/p>\n<p>En ese sentido, el jefe de la ciudad, Juan Pablo Luque sostuvo que \u201cesta decisi\u00f3n del presidente, Alberto Fern\u00e1ndez, viene sin lugar a dudas a ser un salvataje econ\u00f3mico no solo para las empresas en s\u00ed que se vieron perjudicadas en su producci\u00f3n diaria sino tambi\u00e9n para los trabajadores aut\u00f3nomos, m\u00e1s vulnerados en la cadena productiva\u201d.<\/p>\n<p>Asimismo, reconoci\u00f3 que \u201cla determinaci\u00f3n de sostener el pago del salario complementario para los trabajadores en relaci\u00f3n de dependencia del sector privado es un verdadero alivio para todas las empresas.\u201d.<\/p>\n<p>Por otro lado, reconoci\u00f3 que\u00a0 \u201clos montos previstos para los cr\u00e9ditos a tasa cero para los trabajadores aut\u00f3nomos ser\u00e1n de hasta 150 mil pesos que ser\u00e1n abonados en tres cuotas mensuales, iguales y consecutivas y que ser\u00e1 el Fondo Nacional de Desarrollo Productivo (FONDEP), quien bonificar\u00e1 el CIEN POR CIENTO (100%) de la tasa de inter\u00e9s y el costo financiero total que devenguen los Cr\u00e9ditos a Tasa Cero que se otorguen\u201d.<\/p>\n<p>Fondo de Afectaci\u00f3n Espec\u00edfica<\/p>\n<p>En otro orden, y en el marco del Programa de Asistencia de emergencia al trabajo y a la producci\u00f3n, se decidi\u00f3 crear el Fondo de afectaci\u00f3n espec\u00edfica con el objetivo de otorgar las garant\u00edas previstas para cada situaci\u00f3n. Para ello, tanto la Autoridad de Aplicaci\u00f3n como el Comit\u00e9 de Administraci\u00f3n del Fondo de Garant\u00edas Argentino (FoGAR), definir\u00e1n los requisitos exigibles en cada caso, as\u00ed como las l\u00edneas de financiamiento.<\/p>\n<p>Por tal motivo, el Ministerio de Desarrollo Productivo determinar\u00e1 el destino de los fondos que no estuvieran comprometidos en raz\u00f3n de garant\u00edas otorgadas o como resultado del recupero de las garant\u00edas o inversiones, quedando facultado para decidir la transferencia de los mismos a fondos fiduciarios que funcionen bajo su \u00f3rbita y\u00a0 que promuevan el financiamiento del sector privado.<\/p>\n<p>Asimismo, y en el marco del decreto de necesidad y urgencia se estableci\u00f3 los montos de las prestaciones econ\u00f3micas por desempleo entre un m\u00ednimo de $ 6.000 pesos y un m\u00e1ximo de $ 10.000 pesos.<\/p>\n","protected":false},"excerpt":{"rendered":"<p>&nbsp; Tras cumplimentarse un mes del aislamiento social, preventivo y obligatorio, el Estado nacional emiti\u00f3<\/p>\n","protected":false},"author":1,"featured_media":0,"comment_status":"closed","ping_status":"closed","sticky":false,"template":"","format":"standard","meta":{"footnotes":""},"categories":[27,31,80,81],"tags":[],"class_list":["post-32873","post","type-post","status-publish","format-standard","hentry","category-coronavirus","category-destacada","category-noticias-anteriores","category-novedades"],"_links":{"self":[{"href":"https:\/\/www.comodoro.gov.ar\/desarrollohumano\/wp-json\/wp\/v2\/posts\/32873","targetHints":{"allow":["GET"]}}],"collection":[{"href":"https:\/\/www.comodoro.gov.ar\/desarrollohumano\/wp-json\/wp\/v2\/posts"}],"about":[{"href":"https:\/\/www.comodoro.gov.ar\/desarrollohumano\/wp-json\/wp\/v2\/types\/post"}],"author":[{"embeddable":true,"href":"https:\/\/www.comodoro.gov.ar\/desarrollohumano\/wp-json\/wp\/v2\/users\/1"}],"replies":[{"embeddable":true,"href":"https:\/\/www.comodoro.gov.ar\/desarrollohumano\/wp-json\/wp\/v2\/comments?post=32873"}],"version-history":[{"count":1,"href":"https:\/\/www.comodoro.gov.ar\/desarrollohumano\/wp-json\/wp\/v2\/posts\/32873\/revisions"}],"predecessor-version":[{"id":34764,"href":"https:\/\/www.comodoro.gov.ar\/desarrollohumano\/wp-json\/wp\/v2\/posts\/32873\/revisions\/34764"}],"wp:attachment":[{"href":"https:\/\/www.comodoro.gov.ar\/desarrollohumano\/wp-json\/wp\/v2\/media?parent=32873"}],"wp:term":[{"taxonomy":"category","embeddable":true,"href":"https:\/\/www.comodoro.gov.ar\/desarrollohumano\/wp-json\/wp\/v2\/categories?post=32873"},{"taxonomy":"post_tag","embeddable":true,"href":"https:\/\/www.comodoro.gov.ar\/desarrollohumano\/wp-json\/wp\/v2\/tags?post=32873"}],"curies":[{"name":"wp","href":"https:\/\/api.w.org\/{rel}","templated":true}]}}