{"id":32876,"date":"2020-04-20T18:35:48","date_gmt":"2020-04-20T21:35:48","guid":{"rendered":"http:\/\/www.comodoro.gov.ar\/desarrollohumano\/?p=32876"},"modified":"2025-05-14T11:38:53","modified_gmt":"2025-05-14T14:38:53","slug":"a-partir-de-hoy-estan-autorizados-los-comercios-minoristas-para-venta-por-internet-y-entrega-con-delivery","status":"publish","type":"post","link":"https:\/\/www.comodoro.gov.ar\/desarrollohumano\/2020\/04\/20\/a-partir-de-hoy-estan-autorizados-los-comercios-minoristas-para-venta-por-internet-y-entrega-con-delivery\/","title":{"rendered":"A partir de hoy est\u00e1n autorizados los comercios minoristas para venta por internet y entrega con delivery"},"content":{"rendered":"<p>La Municipalidad adhiri\u00f3 mediante resoluci\u00f3n al nuevo decreto del gobierno nacional que autoriza a trabajar a los comercios que no estaban exceptuados hasta el momento. Solo se les permitir\u00e1 vender v\u00eda telef\u00f3nica o por internet y con entrega a domicilio, es decir, sin atenci\u00f3n al p\u00fablico en los locales. Adem\u00e1s, se habilit\u00f3 un registro para solicitar el permiso de circulaci\u00f3n para los empleados.<\/p>\n<p>La resoluci\u00f3n engloba a todos los comercios minoristas de productos elaborados. De esta manera, entre los nuevos rubros habilitados para trabajar a puertas cerradas se encuentran, por ejemplo, indumentaria, calzado, marroquineria, decoraci\u00f3n, bazar, jugueter\u00edas, electrodom\u00e9sticos, electr\u00f3nica, pinturer\u00edas, productos de cuidado personal (no servicios) y decoraci\u00f3n, etc\u00e9tera, que hasta el momento no estaban exceptuados.<\/p>\n<p>\u201cPr\u00e1cticamente todo tipo de comercios podr\u00e1n trabajar, siempre sin atenci\u00f3n al p\u00fablico, con venta telef\u00f3nica o por internet con entrega a domicilio\u201d, explic\u00f3 el secretario de Gobierno, Maximiliano Sampaoli sobre las nuevas autorizaciones que rigen a partir de hoy.<\/p>\n<p>\u201cLo m\u00e1s importante sigue siendo que la gente se quede en la casa por eso, no se autoriza el acceso a los locales, pero el gobierno nacional entendi\u00f3 -y nosotros coincidimos- que los comercios de alguna manera deb\u00edan tener la posibilidad de volver a funcionar, aunque sea forma virtual y mediante la entrega a domicilio\u201d, agreg\u00f3 Sampaoli.<\/p>\n<p><strong>Permiso para entregar a domicilio<\/strong><\/p>\n<p>Para la circulaci\u00f3n, los comerciantes deber\u00e1n gestionar el permiso para la circulaci\u00f3n de sus empleados (solo si el comercio queda en un domicilio distinto a la vivienda), mediante la p\u00e1gina de Comodoro Conocimiento, accediendo al siguiente enlace: bit.ly\/Relev_3<\/p>\n<p>Posteriormente, una vez que est\u00e9 el permiso, se acercan a retirar la oblea local para delivery o reparto en calle Rawson 1120, llevando c\u00e9dula verde del veh\u00edculo a utilizar y habilitaci\u00f3n comercial.<\/p>\n<p><strong>Venta de barbijos<\/strong><\/p>\n<p>A partir de hoy, la comercializaci\u00f3n de los \u201cbarbijos tipo N95 y\/o quir\u00fargico y\/o TRI-CAPA\u201d, queda exclusivamente para aquellas personas que acrediten mediante documentaci\u00f3n fehaciente su condici\u00f3n de profesional o personal del servicio de la salud, y\/o a las personas jur\u00eddicas que tengan por objeto la prestaci\u00f3n del mencionado servicio.<\/p>\n<p>Asimismo, podr\u00e1n adquirir este tipo de barbijos, aquellas personas que acrediten mediante prescripci\u00f3n m\u00e9dica, su necesidad de uso.<\/p>\n<p><strong>Pr\u00f3rroga de vencimientos<\/strong><\/p>\n<p>La resoluci\u00f3n tambi\u00e9n prorrogase de manera excepcional, por el t\u00e9rmino de 90 (noventa) d\u00edas corridos contados a partir de su fecha de vencimiento, las licencias de Conducir, cuyos vencimientos hayan operado u operen entre el 15 de febrero y el 14 de mayo inclusive del corriente a\u00f1o.<\/p>\n<p>Las mismas estaban prorrogadas hasta el 30 de abril. Teniendo en cuenta que a\u00fan no se defini\u00f3 la extensi\u00f3n o cese de la cuarentena preventiva obligatoria y a los efectos de actuar en consonancia con las disposiciones nacional, directamente se dictamin\u00f3 la pr\u00f3rroga por 90 d\u00edas. Por el momento permanece suspendido el servicio para gestionar o renovar cualquier licencia municipal.<\/p>\n","protected":false},"excerpt":{"rendered":"<p>La Municipalidad adhiri\u00f3 mediante resoluci\u00f3n al nuevo decreto del gobierno nacional que autoriza a trabajar<\/p>\n","protected":false},"author":1,"featured_media":32877,"comment_status":"closed","ping_status":"closed","sticky":false,"template":"","format":"standard","meta":{"footnotes":""},"categories":[27,31,79],"tags":[],"class_list":["post-32876","post","type-post","status-publish","format-standard","has-post-thumbnail","hentry","category-coronavirus","category-destacada","category-noticias"],"_links":{"self":[{"href":"https:\/\/www.comodoro.gov.ar\/desarrollohumano\/wp-json\/wp\/v2\/posts\/32876","targetHints":{"allow":["GET"]}}],"collection":[{"href":"https:\/\/www.comodoro.gov.ar\/desarrollohumano\/wp-json\/wp\/v2\/posts"}],"about":[{"href":"https:\/\/www.comodoro.gov.ar\/desarrollohumano\/wp-json\/wp\/v2\/types\/post"}],"author":[{"embeddable":true,"href":"https:\/\/www.comodoro.gov.ar\/desarrollohumano\/wp-json\/wp\/v2\/users\/1"}],"replies":[{"embeddable":true,"href":"https:\/\/www.comodoro.gov.ar\/desarrollohumano\/wp-json\/wp\/v2\/comments?post=32876"}],"version-history":[{"count":2,"href":"https:\/\/www.comodoro.gov.ar\/desarrollohumano\/wp-json\/wp\/v2\/posts\/32876\/revisions"}],"predecessor-version":[{"id":35620,"href":"https:\/\/www.comodoro.gov.ar\/desarrollohumano\/wp-json\/wp\/v2\/posts\/32876\/revisions\/35620"}],"wp:featuredmedia":[{"embeddable":true,"href":"https:\/\/www.comodoro.gov.ar\/desarrollohumano\/wp-json\/"}],"wp:attachment":[{"href":"https:\/\/www.comodoro.gov.ar\/desarrollohumano\/wp-json\/wp\/v2\/media?parent=32876"}],"wp:term":[{"taxonomy":"category","embeddable":true,"href":"https:\/\/www.comodoro.gov.ar\/desarrollohumano\/wp-json\/wp\/v2\/categories?post=32876"},{"taxonomy":"post_tag","embeddable":true,"href":"https:\/\/www.comodoro.gov.ar\/desarrollohumano\/wp-json\/wp\/v2\/tags?post=32876"}],"curies":[{"name":"wp","href":"https:\/\/api.w.org\/{rel}","templated":true}]}}