{"id":32883,"date":"2020-04-20T19:50:52","date_gmt":"2020-04-20T22:50:52","guid":{"rendered":"http:\/\/www.comodoro.gov.ar\/desarrollohumano\/?p=32883"},"modified":"2025-05-14T11:37:00","modified_gmt":"2025-05-14T14:37:00","slug":"el-poder-ejecutivo-explico-ante-el-comite-de-seguimiento-los-detalles-de-la-ejecucion-presupuestaria-para-atender-la-emergencia-por-coronavirus","status":"publish","type":"post","link":"https:\/\/www.comodoro.gov.ar\/desarrollohumano\/2020\/04\/20\/el-poder-ejecutivo-explico-ante-el-comite-de-seguimiento-los-detalles-de-la-ejecucion-presupuestaria-para-atender-la-emergencia-por-coronavirus\/","title":{"rendered":"El Poder Ejecutivo explic\u00f3 ante el comit\u00e9 de seguimiento los detalles de la ejecuci\u00f3n presupuestaria para atender la emergencia por Coronavirus"},"content":{"rendered":"<p>En el marco de la Emergencia declarada en la ciudad para combatir la pandemia, autoridades municipales expusieron en detalle el uso y destino del fondo especial para atender la demanda sanitaria, social y econ\u00f3mica. Fue este lunes a primera hora en el Concejo Deliberante ante la comisi\u00f3n a cargo del seguimiento de la ordenanza, teniendo en cuenta las medidas que fueron adoptando desde que comenz\u00f3 el periodo de aislamiento. \u201cEsto nos permite sostener la transparencia del manejo de los fondos p\u00fablicos\u201d, asegur\u00f3 el secretario de Econom\u00eda, Germ\u00e1n Issa Pfister.<\/p>\n<p>Cabe resaltar que, con la declaraci\u00f3n de emergencia sanitaria, el Municipio gan\u00f3 tiempo en cuanto a la aplicaci\u00f3n de medidas de prevenci\u00f3n para evitar que el virus se propague en la ciudad y la posibilidad de disponer de partidas con la creaci\u00f3n de un fondo especial que permite atender la demanda sanitaria, social y econ\u00f3mica, con compras y contrataciones necesarias de manera \u00e1gil.<\/p>\n<p>En ese contexto, el concejal Omar Lattanzio manifest\u00f3 que \u201cel balance es muy positivo, ya que los funcionarios brindaron un informe muy completo, prolijo y entendible, que no dej\u00f3 dudas. Las exposiciones fueron excelentes y convalidaron todos los datos de las acciones que se est\u00e1n llevando adelante en el marco de esta emergencia sanitaria\u201d.<\/p>\n<p>Continuando en esa l\u00ednea, Lattanzio destac\u00f3 que \u201ces fundamental trabajar con la transparencia que se est\u00e1 mostrando y tener en claro en qu\u00e9 se est\u00e1n invirtiendo los fondos de la Municipalidad. Vamos a concretar nuevas reuniones para seguir analizando los avances en conjunto con el Ejecutivo Municipal\u201d.<\/p>\n<p><strong>\u201cEsto nos ayuda a sostener la transparencia\u201d<\/strong><\/p>\n<p>Por su parte, el secretario Issa Pfister reconoci\u00f3 que \u201cestos encuentros nos ayudan a sostener la transparencia del manejo de los fondos de la emergencia. Tuvimos la oportunidad de hablar con un concejal de cada uno de los bloques y dos miembros del Tribunal de Cuentas para que conozcan en detalle tanto la parte econ\u00f3mica como material y f\u00edsica de lo que se est\u00e1 comprando desde el Municipio, sean insumos, alimentos o equipamiento\u201d a fin de contrarrestar los efectos del COVID-19.<\/p>\n<p>En materia sanitaria, el funcionario mencion\u00f3 la inversi\u00f3n realizada en la adquisici\u00f3n de respiradores y equipamiento para analizar muestras de sangre y obtener resultados r\u00e1pidos en la ciudad sobre posibles casos de Coronavirus, adem\u00e1s de la compra de alimentos e insumos m\u00e9dicos.<\/p>\n<p>A esto, se sum\u00f3 el primer aporte de 20 millones para los cr\u00e9ditos para Pymes que se entregan a trav\u00e9s del Ente Comodoro Conocimiento. \u201cEsto es una primera etapa, se ir\u00e1 ampliando el tramo para lograr la mayor asistencia posible a las peque\u00f1as y medianas empresas y comercios que han solicitado la colaboraci\u00f3n al Municipio\u201d, asegur\u00f3.<\/p>\n<p>En cuanto a infraestructura, desde la cartera de Econom\u00eda, se aclar\u00f3 que la \u00fanica obra p\u00fablica necesaria solicitada es la del Hospital Alvear y que se viene ejecutando por administraci\u00f3n con fondos exclusivamente municipales. \u201cPor decisi\u00f3n del intendente Juan Pablo Luque y atendiendo la necesidad sanitaria, se pondr\u00e1 en funcionamiento 60 camas adicionales de la parte vieja del nosocomio. Si se requiere alguna otra obra adicional espec\u00edfica de la emergencia se acudir\u00e1 a este fondo\u201d, explic\u00f3.<\/p>\n<p>De ese modo, la primera reuni\u00f3n de balance fue calificada como \u201cpositiva\u201d y se llev\u00f3 tranquilidad que, en caso de necesitar m\u00e1s insumos, se har\u00e1 una ampliaci\u00f3n permanente para combatir la cuesti\u00f3n sanitaria, social y alimenticia de la poblaci\u00f3n comodorense.<\/p>\n<p>Adem\u00e1s, seg\u00fan lo que establece la Ordenanza Municipal, el secretario confirm\u00f3 que \u201chabr\u00e1 un nuevo balance ante la comisi\u00f3n el pr\u00f3ximo 4 de mayo, ya que por normativa estas exposiciones deben ser cada 15 d\u00edas\u201d.<\/p>\n<p>No obstante, afirm\u00f3 que \u201cquedamos a disposici\u00f3n para cualquier consulta que tengan los integrantes de la comisi\u00f3n\u201d.<\/p>\n<p><strong>Alerta permanente<\/strong><\/p>\n<p>Por otro lado, desde el Ejecutivo local se reconoci\u00f3 que la situaci\u00f3n en t\u00e9rminos econ\u00f3micos a\u00fan es buena, pero se debe estar en estado de alerta permanente. \u201cLas fuentes de ingreso del Municipio, tanto la recaudaci\u00f3n propia, como coparticipaci\u00f3n federal y regal\u00edas petroleras se ven afectadas notablemente y eso es preocupante\u201d.<\/p>\n<p>Por ello, se enfatiz\u00f3 en la importancia de continuar administrando los recursos de la forma m\u00e1s eficiente posible para que las consecuencias no tengan un impacto negativo en las arcas municipales.<\/p>\n","protected":false},"excerpt":{"rendered":"<p>En el marco de la Emergencia declarada en la ciudad para combatir la pandemia, autoridades<\/p>\n","protected":false},"author":1,"featured_media":32884,"comment_status":"closed","ping_status":"closed","sticky":false,"template":"","format":"standard","meta":{"footnotes":""},"categories":[27,31,79],"tags":[],"class_list":["post-32883","post","type-post","status-publish","format-standard","has-post-thumbnail","hentry","category-coronavirus","category-destacada","category-noticias"],"_links":{"self":[{"href":"https:\/\/www.comodoro.gov.ar\/desarrollohumano\/wp-json\/wp\/v2\/posts\/32883","targetHints":{"allow":["GET"]}}],"collection":[{"href":"https:\/\/www.comodoro.gov.ar\/desarrollohumano\/wp-json\/wp\/v2\/posts"}],"about":[{"href":"https:\/\/www.comodoro.gov.ar\/desarrollohumano\/wp-json\/wp\/v2\/types\/post"}],"author":[{"embeddable":true,"href":"https:\/\/www.comodoro.gov.ar\/desarrollohumano\/wp-json\/wp\/v2\/users\/1"}],"replies":[{"embeddable":true,"href":"https:\/\/www.comodoro.gov.ar\/desarrollohumano\/wp-json\/wp\/v2\/comments?post=32883"}],"version-history":[{"count":2,"href":"https:\/\/www.comodoro.gov.ar\/desarrollohumano\/wp-json\/wp\/v2\/posts\/32883\/revisions"}],"predecessor-version":[{"id":35618,"href":"https:\/\/www.comodoro.gov.ar\/desarrollohumano\/wp-json\/wp\/v2\/posts\/32883\/revisions\/35618"}],"wp:featuredmedia":[{"embeddable":true,"href":"https:\/\/www.comodoro.gov.ar\/desarrollohumano\/wp-json\/"}],"wp:attachment":[{"href":"https:\/\/www.comodoro.gov.ar\/desarrollohumano\/wp-json\/wp\/v2\/media?parent=32883"}],"wp:term":[{"taxonomy":"category","embeddable":true,"href":"https:\/\/www.comodoro.gov.ar\/desarrollohumano\/wp-json\/wp\/v2\/categories?post=32883"},{"taxonomy":"post_tag","embeddable":true,"href":"https:\/\/www.comodoro.gov.ar\/desarrollohumano\/wp-json\/wp\/v2\/tags?post=32883"}],"curies":[{"name":"wp","href":"https:\/\/api.w.org\/{rel}","templated":true}]}}