{"id":32895,"date":"2020-04-23T12:26:03","date_gmt":"2020-04-23T15:26:03","guid":{"rendered":"http:\/\/www.comodoro.gov.ar\/desarrollohumano\/?p=32895"},"modified":"2025-05-14T10:40:25","modified_gmt":"2025-05-14T13:40:25","slug":"coronavirus-municipio-comienza-un-relevamiento-on-line-de-comodorenses-que-no-pudieron-regresar-a-sus-hogares","status":"publish","type":"post","link":"https:\/\/www.comodoro.gov.ar\/desarrollohumano\/2020\/04\/23\/coronavirus-municipio-comienza-un-relevamiento-on-line-de-comodorenses-que-no-pudieron-regresar-a-sus-hogares\/","title":{"rendered":"Coronavirus: Municipio comienza un relevamiento on-line de comodorenses que no pudieron regresar a sus hogares"},"content":{"rendered":"<p>Desde este jueves, la Municipalidad a trav\u00e9s de Comodoro Turismo habilit\u00f3 un registro digital para relevar a los ciudadanos que por distintos motivos no pudieron regresar a sus residencias permanentes en Comodoro Rivadavia y que est\u00e1n cumpliendo el aislamiento social preventivo y obligatorio en otros lugares dentro del pa\u00eds.<\/p>\n<p>La medida busca contabilizar la cantidad de ciudadanos comodorenses que se desplazaron por distintas cuestiones familiares, laborales, de estudio o viaje a otras localidades de Argentina y que no pudieron retornar a su domicilio como consecuencia de las disposiciones tomadas en el contexto de la pandemia global por el Coronavirus.<\/p>\n<p>El registro se efect\u00faa \u00fanicamente a trav\u00e9s de Internet, completando un formulario mediante el enlace: <strong><a href=\"https:\/\/bit.ly\/3eFhNIx\" target=\"_blank\" rel=\"noopener\">https:\/\/bit.ly\/3eFhNIx<\/a> <\/strong>donde podr\u00e1n completar sus datos personales, indicar la ciudad en la que se encuentran, cantidad de d\u00edas, motivos y dem\u00e1s informaci\u00f3n necesaria para la base de datos municipal.<\/p>\n<p><strong>Informes<\/strong><\/p>\n<p>Asimismo, el Ejecutivo local pone a disposici\u00f3n ante cualquier inquietud, la l\u00ednea de consultas por WhatsApp 2974617589 en el horario de 08 a 15 horas o mediante correo electr\u00f3nico a <strong><a href=\"mailto:crturismo@comodoro.gov.ar\" target=\"_blank\" rel=\"noopener\">crturismo@comodoro.gov.ar<\/a><\/strong><\/p>\n<p>&nbsp;<\/p>\n","protected":false},"excerpt":{"rendered":"<p>Desde este jueves, la Municipalidad a trav\u00e9s de Comodoro Turismo habilit\u00f3 un registro digital para<\/p>\n","protected":false},"author":1,"featured_media":32896,"comment_status":"closed","ping_status":"closed","sticky":false,"template":"","format":"standard","meta":{"footnotes":""},"categories":[27,31,79],"tags":[],"class_list":["post-32895","post","type-post","status-publish","format-standard","has-post-thumbnail","hentry","category-coronavirus","category-destacada","category-noticias"],"_links":{"self":[{"href":"https:\/\/www.comodoro.gov.ar\/desarrollohumano\/wp-json\/wp\/v2\/posts\/32895","targetHints":{"allow":["GET"]}}],"collection":[{"href":"https:\/\/www.comodoro.gov.ar\/desarrollohumano\/wp-json\/wp\/v2\/posts"}],"about":[{"href":"https:\/\/www.comodoro.gov.ar\/desarrollohumano\/wp-json\/wp\/v2\/types\/post"}],"author":[{"embeddable":true,"href":"https:\/\/www.comodoro.gov.ar\/desarrollohumano\/wp-json\/wp\/v2\/users\/1"}],"replies":[{"embeddable":true,"href":"https:\/\/www.comodoro.gov.ar\/desarrollohumano\/wp-json\/wp\/v2\/comments?post=32895"}],"version-history":[{"count":2,"href":"https:\/\/www.comodoro.gov.ar\/desarrollohumano\/wp-json\/wp\/v2\/posts\/32895\/revisions"}],"predecessor-version":[{"id":35583,"href":"https:\/\/www.comodoro.gov.ar\/desarrollohumano\/wp-json\/wp\/v2\/posts\/32895\/revisions\/35583"}],"wp:featuredmedia":[{"embeddable":true,"href":"https:\/\/www.comodoro.gov.ar\/desarrollohumano\/wp-json\/"}],"wp:attachment":[{"href":"https:\/\/www.comodoro.gov.ar\/desarrollohumano\/wp-json\/wp\/v2\/media?parent=32895"}],"wp:term":[{"taxonomy":"category","embeddable":true,"href":"https:\/\/www.comodoro.gov.ar\/desarrollohumano\/wp-json\/wp\/v2\/categories?post=32895"},{"taxonomy":"post_tag","embeddable":true,"href":"https:\/\/www.comodoro.gov.ar\/desarrollohumano\/wp-json\/wp\/v2\/tags?post=32895"}],"curies":[{"name":"wp","href":"https:\/\/api.w.org\/{rel}","templated":true}]}}