{"id":32901,"date":"2020-04-23T13:00:15","date_gmt":"2020-04-23T16:00:15","guid":{"rendered":"http:\/\/www.comodoro.gov.ar\/desarrollohumano\/?p=32901"},"modified":"2025-05-14T11:36:10","modified_gmt":"2025-05-14T14:36:10","slug":"luque-estoy-orgulloso-que-predomine-la-solidaridad-en-medio-de-la-crisis-sanitaria-por-el-covid-19","status":"publish","type":"post","link":"https:\/\/www.comodoro.gov.ar\/desarrollohumano\/2020\/04\/23\/luque-estoy-orgulloso-que-predomine-la-solidaridad-en-medio-de-la-crisis-sanitaria-por-el-covid-19\/","title":{"rendered":"Luque: \u201cEstoy orgulloso que predomine la solidaridad en medio de la crisis sanitaria por el COVID-19"},"content":{"rendered":"<p>El intendente de la ciudad, Juan Pablo Luque, se refiri\u00f3 al trabajo que lleva adelante un equipo multidisciplinario conformado por profesores del colegio Salesiano Dean Funes; ingenieros; m\u00e9dicos; traumat\u00f3logos; t\u00e9cnicos; f\u00edsicos y matem\u00e1ticos, quienes luego de una ardua investigaci\u00f3n, iniciaron la confecci\u00f3n de respiradores con accionamiento mec\u00e1nico a fin de abastecer a aquellos pacientes que lo requieran.<\/p>\n<p>En este sentido, Luque felicit\u00f3 a todos los comodorenses que en este contexto contin\u00faan trabajando por el pr\u00f3jimo, con el objetivo de \u201cabrir nuevas posibilidades con esta tecnolog\u00eda. Sin duda, tenemos un Estado una comunidad presentes, enfocados al cien por ciento en combatir la pandemia\u201d.<\/p>\n<p>Asimismo \u2013continu\u00f3- \u201cestamos trabajando para salir adelante y entendemos que esto se logra entre todos los ciudadanos de la mejor manera, poniendo los recursos a disposici\u00f3n en la medida que los tengamos a fin de hacernos fuertes y levantar la cabeza. Hay mucha gente golpeada, deprimida que atraviesa con mucha tristeza este momento dif\u00edcil que estamos viviendo. Por este motivo, nuestro rol como Municipio es mostrar que hay un camino para salir adelante\u201d, puntualiz\u00f3 el mandatario.<\/p>\n<p><strong>\u201cAgradecemos a la Municipalidad por este apoyo\u201d<\/strong><\/p>\n<p>Por su parte, Francisco M\u00e1rquez representante del Colegio Dean Funes relat\u00f3 que \u201ceste equipo multidisciplinario se organiz\u00f3 para que tengamos conocimiento de aprender cu\u00e1les son los requerimientos que necesita un paciente con dolencias del COVID-19, motivo que nos llev\u00f3 a la b\u00fasqueda de la fabricaci\u00f3n de un respirador de accionamiento mec\u00e1nico a trav\u00e9s de un ambu y que nos permita afrontar una crisis sanitaria en este sentido\u201d.<\/p>\n<p>En esta misma l\u00ednea, el profesor sostuvo que \u201cla idea surgi\u00f3 de un grupo de amigos luego de analizar lo que pasaba en el resto del mundo con el aumento de los casos y el sufrimiento de los pacientes con insuficiencia respiratoria y la escasez de recursos\u201d.<\/p>\n<p>Como resultado de estas investigaciones, el profesional destac\u00f3 la importancia de que los distintos materiales que conlleva la fabricaci\u00f3n de este elemento tan esencial para el paciente con COVID-19, se encuentren disponibles en las ciudades de Comodoro Rivadavia y Rada Tilly.<\/p>\n<p>Por \u00faltimo, Francisco M\u00e1rquez invit\u00f3 a todos aquellos que quieran participar del taller ya que es abierto a todo p\u00fablico interesado y agradeci\u00f3 a la instituci\u00f3n educativa por \u201cabrir las puertas del taller y facilitarnos las herramientas para ensamblar el equipo y concretar el proyecto con un equipo en funcionamiento. Tambi\u00e9n quiero agradecer a las autoridades municipales, referentes del Hospital Regional y dem\u00e1s organizaciones que nos acompa\u00f1an constantemente\u201d.<\/p>\n","protected":false},"excerpt":{"rendered":"<p>El intendente de la ciudad, Juan Pablo Luque, se refiri\u00f3 al trabajo que lleva adelante<\/p>\n","protected":false},"author":1,"featured_media":32902,"comment_status":"closed","ping_status":"closed","sticky":false,"template":"","format":"standard","meta":{"footnotes":""},"categories":[27,31,79],"tags":[],"class_list":["post-32901","post","type-post","status-publish","format-standard","has-post-thumbnail","hentry","category-coronavirus","category-destacada","category-noticias"],"_links":{"self":[{"href":"https:\/\/www.comodoro.gov.ar\/desarrollohumano\/wp-json\/wp\/v2\/posts\/32901","targetHints":{"allow":["GET"]}}],"collection":[{"href":"https:\/\/www.comodoro.gov.ar\/desarrollohumano\/wp-json\/wp\/v2\/posts"}],"about":[{"href":"https:\/\/www.comodoro.gov.ar\/desarrollohumano\/wp-json\/wp\/v2\/types\/post"}],"author":[{"embeddable":true,"href":"https:\/\/www.comodoro.gov.ar\/desarrollohumano\/wp-json\/wp\/v2\/users\/1"}],"replies":[{"embeddable":true,"href":"https:\/\/www.comodoro.gov.ar\/desarrollohumano\/wp-json\/wp\/v2\/comments?post=32901"}],"version-history":[{"count":2,"href":"https:\/\/www.comodoro.gov.ar\/desarrollohumano\/wp-json\/wp\/v2\/posts\/32901\/revisions"}],"predecessor-version":[{"id":35616,"href":"https:\/\/www.comodoro.gov.ar\/desarrollohumano\/wp-json\/wp\/v2\/posts\/32901\/revisions\/35616"}],"wp:featuredmedia":[{"embeddable":true,"href":"https:\/\/www.comodoro.gov.ar\/desarrollohumano\/wp-json\/"}],"wp:attachment":[{"href":"https:\/\/www.comodoro.gov.ar\/desarrollohumano\/wp-json\/wp\/v2\/media?parent=32901"}],"wp:term":[{"taxonomy":"category","embeddable":true,"href":"https:\/\/www.comodoro.gov.ar\/desarrollohumano\/wp-json\/wp\/v2\/categories?post=32901"},{"taxonomy":"post_tag","embeddable":true,"href":"https:\/\/www.comodoro.gov.ar\/desarrollohumano\/wp-json\/wp\/v2\/tags?post=32901"}],"curies":[{"name":"wp","href":"https:\/\/api.w.org\/{rel}","templated":true}]}}