{"id":32911,"date":"2020-04-25T15:37:34","date_gmt":"2020-04-25T18:37:34","guid":{"rendered":"http:\/\/www.comodoro.gov.ar\/desarrollohumano\/?p=32911"},"modified":"2025-05-14T11:35:23","modified_gmt":"2025-05-14T14:35:23","slug":"luque-se-reunio-con-el-gobernador-para-analizar-la-continuidad-de-la-cuarentena-y-la-situacion-que-atraviesan-la-provincia-y-sus-municipios","status":"publish","type":"post","link":"https:\/\/www.comodoro.gov.ar\/desarrollohumano\/2020\/04\/25\/luque-se-reunio-con-el-gobernador-para-analizar-la-continuidad-de-la-cuarentena-y-la-situacion-que-atraviesan-la-provincia-y-sus-municipios\/","title":{"rendered":"Luque se reuni\u00f3 con el gobernador para analizar la continuidad de la cuarentena y la situaci\u00f3n que atraviesan la provincia y sus municipios"},"content":{"rendered":"<p>El intendente mantuvo un encuentro con el mandatario provincial, en la previa de los anuncios del presidente sobre la continuidad del per\u00edodo de aislamiento.<\/p>\n<p>El intendente de Comodoro, Juan Pablo Luque, se reuni\u00f3 con el gobernador, Mariano Arcioni, para analizar c\u00f3mo se continuar\u00e1 con la cuarentena preventiva y obligatoria en la provincia, teniendo en cuenta que ma\u00f1ana se cumple el plazo definido por el gobierno nacional y se espera que esta noche el presidente establezca un nuevo per\u00edodo de aislamiento.<\/p>\n<p>Asimismo, se plante\u00f3 la preocupaci\u00f3n por la situaci\u00f3n que atraviesa la provincia y sus municipios.<\/p>\n<p><strong>Preocupaci\u00f3n por la situaci\u00f3n petrolera<\/strong><\/p>\n<p>Por otro lado,\u00a0se habl\u00f3 de la preocupaci\u00f3n por la situaci\u00f3n petrolera, cuyo contexto mundial influye negativamente en la producci\u00f3n y el precio del barril, a lo que debe agregarse la falta de consumo interno.<\/p>\n<p>En este marco, Luque advirti\u00f3 que \u201cesta semana me reun\u00ed con\u00a0Ra\u00fal Silva de UOCRA; Jorge Taboada de Camioneros; y Jos\u00e9 Lludgar de Petroleros Jer\u00e1rquicos; y estuve conversando con Jorge Avila de petroleros; con quienes compartimos la misma preocupaci\u00f3n. Estamos entre todos analizando la situaci\u00f3n, para que se mantengan los puestos laborales y se proteja a las PYMES locales\u201d.<\/p>\n<p>Este fue uno de los temas de la charla con el gobernador: \u201cel ingreso proveniente de las regal\u00edas es fundamental para esta provincia, adem\u00e1s de que en esta ciudad hay 50 mil personas que dependen de la industria, directa o indirectamente, por lo cual hay que buscar alternativas urgentes para evitar que la crisis se agudice\u201d, expres\u00f3 Luque.<\/p>\n","protected":false},"excerpt":{"rendered":"<p>El intendente mantuvo un encuentro con el mandatario provincial, en la previa de los anuncios<\/p>\n","protected":false},"author":1,"featured_media":32912,"comment_status":"closed","ping_status":"closed","sticky":false,"template":"","format":"standard","meta":{"footnotes":""},"categories":[27,30,79],"tags":[],"class_list":["post-32911","post","type-post","status-publish","format-standard","has-post-thumbnail","hentry","category-coronavirus","category-proteccion-derechos","category-noticias"],"_links":{"self":[{"href":"https:\/\/www.comodoro.gov.ar\/desarrollohumano\/wp-json\/wp\/v2\/posts\/32911","targetHints":{"allow":["GET"]}}],"collection":[{"href":"https:\/\/www.comodoro.gov.ar\/desarrollohumano\/wp-json\/wp\/v2\/posts"}],"about":[{"href":"https:\/\/www.comodoro.gov.ar\/desarrollohumano\/wp-json\/wp\/v2\/types\/post"}],"author":[{"embeddable":true,"href":"https:\/\/www.comodoro.gov.ar\/desarrollohumano\/wp-json\/wp\/v2\/users\/1"}],"replies":[{"embeddable":true,"href":"https:\/\/www.comodoro.gov.ar\/desarrollohumano\/wp-json\/wp\/v2\/comments?post=32911"}],"version-history":[{"count":2,"href":"https:\/\/www.comodoro.gov.ar\/desarrollohumano\/wp-json\/wp\/v2\/posts\/32911\/revisions"}],"predecessor-version":[{"id":35614,"href":"https:\/\/www.comodoro.gov.ar\/desarrollohumano\/wp-json\/wp\/v2\/posts\/32911\/revisions\/35614"}],"wp:featuredmedia":[{"embeddable":true,"href":"https:\/\/www.comodoro.gov.ar\/desarrollohumano\/wp-json\/"}],"wp:attachment":[{"href":"https:\/\/www.comodoro.gov.ar\/desarrollohumano\/wp-json\/wp\/v2\/media?parent=32911"}],"wp:term":[{"taxonomy":"category","embeddable":true,"href":"https:\/\/www.comodoro.gov.ar\/desarrollohumano\/wp-json\/wp\/v2\/categories?post=32911"},{"taxonomy":"post_tag","embeddable":true,"href":"https:\/\/www.comodoro.gov.ar\/desarrollohumano\/wp-json\/wp\/v2\/tags?post=32911"}],"curies":[{"name":"wp","href":"https:\/\/api.w.org\/{rel}","templated":true}]}}