{"id":33084,"date":"2021-02-01T17:25:49","date_gmt":"2021-02-01T20:25:49","guid":{"rendered":"http:\/\/www.comodoro.gov.ar\/desarrollohumano\/?p=33084"},"modified":"2024-07-02T14:31:28","modified_gmt":"2024-07-02T17:31:28","slug":"rey-seguimos-fortaleciendo-los-equipos-de-trabajo-para-garantizar-el-bienestar-de-los-adultos-mayores","status":"publish","type":"post","link":"https:\/\/www.comodoro.gov.ar\/desarrollohumano\/2021\/02\/01\/rey-seguimos-fortaleciendo-los-equipos-de-trabajo-para-garantizar-el-bienestar-de-los-adultos-mayores\/","title":{"rendered":"Rey: \u201cSeguimos fortaleciendo los equipos de trabajo para garantizar el bienestar de los Adultos Mayores\u201d"},"content":{"rendered":"<p>As\u00ed lo manifest\u00f3 Marcelo Rey, titular de la Secretar\u00eda de Desarrollo Humano y Familia de la municipalidad de Comodoro Rivadavia quien en horas de la ma\u00f1ana, junto a la subsecretaria Lic. Celia Gandini, se reuni\u00f3 con el equipo de la Direcci\u00f3n de Adultos Mayores con la intenci\u00f3n de planificar y fortalecer las pol\u00edticas p\u00fablicas en materia de tercera edad.<\/p>\n<p>&nbsp;<\/p>\n<p>En este contexto el funcionario destac\u00f3 \u201cSomos conscientes que la tercera edad es una\u00a0\u00a0\u00a0\u00a0 franja etaria que est\u00e1 muy vulnerable debido a la pandemia, pero entendemos\u00a0 que como\u00a0 estado tenemos la obligaci\u00f3n y compromiso que llevarles tranquilidad y sobre todo cuidados, acompa\u00f1amiento y tranquilidad\u201d.<\/p>\n<p>Cabe destacar que, durante el a\u00f1o 2020 todo el personal de la Direcci\u00f3n de Adultos Mayores\u00a0 debi\u00f3\u00a0 cambiar la forma de vincularse con las personas de la tercera edad,\u00a0 utilizando la virtualidad\u00a0 como recurso para poder entrar en la casa de los abuelos, en este marco Rey\u00a0 mencion\u00f3 \u201cDurante el confinamiento m\u00e1s estricto\u00a0 el personal\u00a0 tuvo que adaptarse a\u00a0 la virtualidad y apoyarse en todos los recursos que la tecnolog\u00eda nos propone, realizado\u00a0 diferentes actividades mediante video-llamadas o distintas plataformas. Tambi\u00e9n se personalizo la atenci\u00f3n con el acompa\u00f1amiento a los abuelos que se encuentran en estado de vulnerabilidad\u201d<\/p>\n<p>\u201cPara este a\u00f1o, con el acompa\u00f1amiento del intendente Juan Pablo Luque, vamos a fortalecer los equipos de trabajo para poder llegar a mas abuelos con una mejor calidad de atenci\u00f3n y contenci\u00f3n.\u00a0 Pensamos seguir con la virtualidad, pero prestando atenci\u00f3n a las necesidades cotidianas, para ello estamos trabajando en la mejora de la base de datos que tenemos, con la intenci\u00f3n de tener actualizados todo lo referente a cada adulto mayor, de sus familiares, si es que tienen y sus necesidades espec\u00edficas\u201d\u00a0 menciono Rey<\/p>\n<p>Parta finalizar el funcionario\u00a0 dijo \u201cDebemos resguardar a nuestros adultos mayores, que en muchos casos se ven afectados emocionalmente\u00a0 debido al distanciamiento Social, que por ser grupo de alto riesgo, no pueden vincularse con sus pares\u00a0 y es ah\u00ed\u00a0 donde debemos acompa\u00f1arlos con visitas y llamados telef\u00f3nicos para conocer sus necesidades. Hoy por hoy no podemos pensar en la presencialidad en las actividades recreativas, pero si un trabajo m\u00e1s personalizado y fuerte para llegar a cada abuelo en condici\u00f3n de vulnerabilidad\u201d<\/p>\n<p>&nbsp;<\/p>\n<p>&nbsp;<\/p>\n<p>&nbsp;<\/p>\n<p>&nbsp;<\/p>\n<p>&nbsp;<\/p>\n<p>&nbsp;<\/p>\n<p>&nbsp;<\/p>\n","protected":false},"excerpt":{"rendered":"<p>As\u00ed lo manifest\u00f3 Marcelo Rey, titular de la Secretar\u00eda de Desarrollo Humano y Familia de<\/p>\n","protected":false},"author":1,"featured_media":33085,"comment_status":"closed","ping_status":"closed","sticky":false,"template":"","format":"standard","meta":{"footnotes":""},"categories":[5,31,79],"tags":[],"class_list":["post-33084","post","type-post","status-publish","format-standard","has-post-thumbnail","hentry","category-adultos-mayores","category-destacada","category-noticias"],"_links":{"self":[{"href":"https:\/\/www.comodoro.gov.ar\/desarrollohumano\/wp-json\/wp\/v2\/posts\/33084","targetHints":{"allow":["GET"]}}],"collection":[{"href":"https:\/\/www.comodoro.gov.ar\/desarrollohumano\/wp-json\/wp\/v2\/posts"}],"about":[{"href":"https:\/\/www.comodoro.gov.ar\/desarrollohumano\/wp-json\/wp\/v2\/types\/post"}],"author":[{"embeddable":true,"href":"https:\/\/www.comodoro.gov.ar\/desarrollohumano\/wp-json\/wp\/v2\/users\/1"}],"replies":[{"embeddable":true,"href":"https:\/\/www.comodoro.gov.ar\/desarrollohumano\/wp-json\/wp\/v2\/comments?post=33084"}],"version-history":[{"count":2,"href":"https:\/\/www.comodoro.gov.ar\/desarrollohumano\/wp-json\/wp\/v2\/posts\/33084\/revisions"}],"predecessor-version":[{"id":34821,"href":"https:\/\/www.comodoro.gov.ar\/desarrollohumano\/wp-json\/wp\/v2\/posts\/33084\/revisions\/34821"}],"wp:featuredmedia":[{"embeddable":true,"href":"https:\/\/www.comodoro.gov.ar\/desarrollohumano\/wp-json\/"}],"wp:attachment":[{"href":"https:\/\/www.comodoro.gov.ar\/desarrollohumano\/wp-json\/wp\/v2\/media?parent=33084"}],"wp:term":[{"taxonomy":"category","embeddable":true,"href":"https:\/\/www.comodoro.gov.ar\/desarrollohumano\/wp-json\/wp\/v2\/categories?post=33084"},{"taxonomy":"post_tag","embeddable":true,"href":"https:\/\/www.comodoro.gov.ar\/desarrollohumano\/wp-json\/wp\/v2\/tags?post=33084"}],"curies":[{"name":"wp","href":"https:\/\/api.w.org\/{rel}","templated":true}]}}