{"id":35453,"date":"2025-03-14T11:29:17","date_gmt":"2025-03-14T14:29:17","guid":{"rendered":"https:\/\/www.comodoro.gov.ar\/desarrollohumano\/?p=35453"},"modified":"2025-03-17T11:32:26","modified_gmt":"2025-03-17T14:32:26","slug":"se-prepara-la-primera-sesion-ordinaria-del-conaf-del-ciclo-2025","status":"publish","type":"post","link":"https:\/\/www.comodoro.gov.ar\/desarrollohumano\/2025\/03\/14\/se-prepara-la-primera-sesion-ordinaria-del-conaf-del-ciclo-2025\/","title":{"rendered":"Se prepara la Primera Sesi\u00f3n Ordinaria del CONAF del ciclo 2025"},"content":{"rendered":"<p><em>El Consejo es un \u00f3rgano aut\u00f3nomo, consultivo, asesor y de planificaci\u00f3n integrado con la participaci\u00f3n de los diversos sectores de la comunidad y del Estado cuya actividad refiere a ni\u00f1ez, adolescencia y familia.<\/em><\/p>\n<p><img loading=\"lazy\" decoding=\"async\" class=\"alignnone wp-image-35455 size-large\" src=\"https:\/\/www.comodoro.gov.ar\/desarrollohumano\/wp-content\/uploads\/2025\/03\/WhatsApp-Image-2025-03-14-at-12.54.51-1024x771.jpeg\" alt=\"\" width=\"640\" height=\"482\" srcset=\"https:\/\/www.comodoro.gov.ar\/desarrollohumano\/wp-content\/uploads\/2025\/03\/WhatsApp-Image-2025-03-14-at-12.54.51-1024x771.jpeg 1024w, https:\/\/www.comodoro.gov.ar\/desarrollohumano\/wp-content\/uploads\/2025\/03\/WhatsApp-Image-2025-03-14-at-12.54.51-300x226.jpeg 300w, https:\/\/www.comodoro.gov.ar\/desarrollohumano\/wp-content\/uploads\/2025\/03\/WhatsApp-Image-2025-03-14-at-12.54.51-768x578.jpeg 768w, https:\/\/www.comodoro.gov.ar\/desarrollohumano\/wp-content\/uploads\/2025\/03\/WhatsApp-Image-2025-03-14-at-12.54.51-1536x1157.jpeg 1536w, https:\/\/www.comodoro.gov.ar\/desarrollohumano\/wp-content\/uploads\/2025\/03\/WhatsApp-Image-2025-03-14-at-12.54.51-2048x1542.jpeg 2048w\" sizes=\"auto, (max-width: 640px) 100vw, 640px\" \/><\/p>\n<p>El pr\u00f3ximo 26 de marzo, en la Sede del Servicio de Protecci\u00f3n de Derechos, se llevar\u00e1 a cabo la primera sesi\u00f3n ordinaria 2025 del Consejo Municipal de la Ni\u00f1ez, Adolescencia y Familia, en la que se marcar\u00e1 como premisa la invitaci\u00f3n a la comunidad a participar del mismo.<\/p>\n<p>Los temas que se abordar\u00e1n, en el marco del Orden del D\u00eda para este primer encuentro, ser\u00e1n poner en conocimiento la designaci\u00f3n de la Directora de la Oficina de Derechos de Garant\u00edas de la Ni\u00f1ez, Adolescencia y Familia, Natalia Castro, v\u00edas de comunicaci\u00f3n oficial del CONAF, propuestas de trabajo para el a\u00f1o 2025 elevadas por los consejeros, planificaci\u00f3n anual, y la fecha de la sesi\u00f3n siguiente.<\/p>\n<p><img loading=\"lazy\" decoding=\"async\" class=\"alignnone wp-image-35456 size-large\" src=\"https:\/\/www.comodoro.gov.ar\/desarrollohumano\/wp-content\/uploads\/2025\/03\/WhatsApp-Image-2025-03-14-at-12.54.49-1024x771.jpeg\" alt=\"\" width=\"640\" height=\"482\" srcset=\"https:\/\/www.comodoro.gov.ar\/desarrollohumano\/wp-content\/uploads\/2025\/03\/WhatsApp-Image-2025-03-14-at-12.54.49-1024x771.jpeg 1024w, https:\/\/www.comodoro.gov.ar\/desarrollohumano\/wp-content\/uploads\/2025\/03\/WhatsApp-Image-2025-03-14-at-12.54.49-300x226.jpeg 300w, https:\/\/www.comodoro.gov.ar\/desarrollohumano\/wp-content\/uploads\/2025\/03\/WhatsApp-Image-2025-03-14-at-12.54.49-768x578.jpeg 768w, https:\/\/www.comodoro.gov.ar\/desarrollohumano\/wp-content\/uploads\/2025\/03\/WhatsApp-Image-2025-03-14-at-12.54.49-1536x1157.jpeg 1536w, https:\/\/www.comodoro.gov.ar\/desarrollohumano\/wp-content\/uploads\/2025\/03\/WhatsApp-Image-2025-03-14-at-12.54.49-2048x1542.jpeg 2048w\" sizes=\"auto, (max-width: 640px) 100vw, 640px\" \/><\/p>\n<p>En ese marco, la secretaria ejecutiva del CONAF, Diana Reartes, destac\u00f3 \u201cla importancia de participar y tomar conocimiento de los temas a tratar, referidos a la orden del d\u00eda, donde el objetivo es generar e integrar redes con distintas entidades a nivel municipal, provincial y nacional\u201d.<\/p>\n<p>\u201cEl CONAF tiene como finalidad, promover, proteger y garantizar los derechos de todos y todas las ni\u00f1as, ni\u00f1os y adolescentes\u201d, explico e hizo hincapi\u00e9 en la necesidad de \u201carticular los esfuerzos de la comunidad y del Estado para atender integralmente a los ni\u00f1os, ni\u00f1as y adolescentes de la ciudad con acciones concretas\u201d, concluy\u00f3.<\/p>\n<p>&nbsp;<\/p>\n","protected":false},"excerpt":{"rendered":"<p>El Consejo es un \u00f3rgano aut\u00f3nomo, consultivo, asesor y de planificaci\u00f3n integrado con la participaci\u00f3n<\/p>\n","protected":false},"author":1,"featured_media":35454,"comment_status":"closed","ping_status":"closed","sticky":false,"template":"","format":"standard","meta":{"footnotes":""},"categories":[2,79],"tags":[],"class_list":["post-35453","post","type-post","status-publish","format-standard","has-post-thumbnail","hentry","category-actividades","category-noticias"],"_links":{"self":[{"href":"https:\/\/www.comodoro.gov.ar\/desarrollohumano\/wp-json\/wp\/v2\/posts\/35453","targetHints":{"allow":["GET"]}}],"collection":[{"href":"https:\/\/www.comodoro.gov.ar\/desarrollohumano\/wp-json\/wp\/v2\/posts"}],"about":[{"href":"https:\/\/www.comodoro.gov.ar\/desarrollohumano\/wp-json\/wp\/v2\/types\/post"}],"author":[{"embeddable":true,"href":"https:\/\/www.comodoro.gov.ar\/desarrollohumano\/wp-json\/wp\/v2\/users\/1"}],"replies":[{"embeddable":true,"href":"https:\/\/www.comodoro.gov.ar\/desarrollohumano\/wp-json\/wp\/v2\/comments?post=35453"}],"version-history":[{"count":1,"href":"https:\/\/www.comodoro.gov.ar\/desarrollohumano\/wp-json\/wp\/v2\/posts\/35453\/revisions"}],"predecessor-version":[{"id":35457,"href":"https:\/\/www.comodoro.gov.ar\/desarrollohumano\/wp-json\/wp\/v2\/posts\/35453\/revisions\/35457"}],"wp:featuredmedia":[{"embeddable":true,"href":"https:\/\/www.comodoro.gov.ar\/desarrollohumano\/wp-json\/wp\/v2\/media\/35454"}],"wp:attachment":[{"href":"https:\/\/www.comodoro.gov.ar\/desarrollohumano\/wp-json\/wp\/v2\/media?parent=35453"}],"wp:term":[{"taxonomy":"category","embeddable":true,"href":"https:\/\/www.comodoro.gov.ar\/desarrollohumano\/wp-json\/wp\/v2\/categories?post=35453"},{"taxonomy":"post_tag","embeddable":true,"href":"https:\/\/www.comodoro.gov.ar\/desarrollohumano\/wp-json\/wp\/v2\/tags?post=35453"}],"curies":[{"name":"wp","href":"https:\/\/api.w.org\/{rel}","templated":true}]}}