{"id":36315,"date":"2025-12-10T13:16:36","date_gmt":"2025-12-10T16:16:36","guid":{"rendered":"https:\/\/www.comodoro.gov.ar\/desarrollohumano\/?p=36315"},"modified":"2026-01-28T13:20:07","modified_gmt":"2026-01-28T16:20:07","slug":"con-una-jornada-al-aire-libre-concluyo-el-taller-de-mini-atletismo-del-espacio-patria-grande","status":"publish","type":"post","link":"https:\/\/www.comodoro.gov.ar\/desarrollohumano\/2025\/12\/10\/con-una-jornada-al-aire-libre-concluyo-el-taller-de-mini-atletismo-del-espacio-patria-grande\/","title":{"rendered":"Con una jornada al aire libre, concluy\u00f3 el taller de \u201cMini Atletismo\u201d del Espacio Patria Grande"},"content":{"rendered":"<p>La propuesta, destinada a ni\u00f1os de 7 a 12 a\u00f1os, cerr\u00f3 su ciclo 2025 con actividades en el Cerro Vitteau y el Parque de la Ciudad.<\/p>\n<p><img loading=\"lazy\" decoding=\"async\" class=\"alignnone  wp-image-36316\" src=\"https:\/\/www.comodoro.gov.ar\/desarrollohumano\/wp-content\/uploads\/2026\/01\/cierre-atletismo-patria-grande-.jpeg\" alt=\"\" width=\"718\" height=\"478\" srcset=\"https:\/\/www.comodoro.gov.ar\/desarrollohumano\/wp-content\/uploads\/2026\/01\/cierre-atletismo-patria-grande-.jpeg 1600w, https:\/\/www.comodoro.gov.ar\/desarrollohumano\/wp-content\/uploads\/2026\/01\/cierre-atletismo-patria-grande--300x200.jpeg 300w, https:\/\/www.comodoro.gov.ar\/desarrollohumano\/wp-content\/uploads\/2026\/01\/cierre-atletismo-patria-grande--1024x682.jpeg 1024w, https:\/\/www.comodoro.gov.ar\/desarrollohumano\/wp-content\/uploads\/2026\/01\/cierre-atletismo-patria-grande--768x512.jpeg 768w, https:\/\/www.comodoro.gov.ar\/desarrollohumano\/wp-content\/uploads\/2026\/01\/cierre-atletismo-patria-grande--1536x1023.jpeg 1536w\" sizes=\"auto, (max-width: 718px) 100vw, 718px\" \/><\/p>\n<p>El Espacio Sociocultural \u201cPatria Grande\u201d, dependiente de la Secretar\u00eda de Desarrollo Humano y Familia, cumple un rol fundamental en la promoci\u00f3n de los derechos de los ni\u00f1os, ni\u00f1as y adolescentes, llevando adelante una variada oferta de actividades educativas, culturales, deportivas, l\u00fadicas y recreativas.<\/p>\n<p>En ese marco, durante este 2025 se desarroll\u00f3 el taller de \u201cMini Atletismo\u201d, destinado a ni\u00f1os entre los 7 y 12 a\u00f1os, que tuvo su cierre este mi\u00e9rcoles, con una caminata por Cerro Vitteau y una recorrida por el Parque de la Ciudad, en Km. 3.<\/p>\n<p>Al respecto, la directora de Patria Grande, Emilse Otermi, se\u00f1al\u00f3 que \u201ccontinuamos trabajando para incentivar a nuestros peque\u00f1os ciudadanos, a realizar actividades deportivas y recreativas en los espacios de la ciudad. Una de las propuestas en ese sentido es el taller de Mini Atletismo; es la primera vez que se abre un espacio deportivo de este tipo, que tiene que ver con una disciplina sumamente integral\u201d.<\/p>\n<p>\u201cConcluimos el taller con una jornada en la naturaleza, donde pusieron en pr\u00e1ctica todo lo que trabajaron durante el a\u00f1o\u201d, remarc\u00f3, al tiempo que valor\u00f3 que \u201ceste tipo de actividades permiten nuevas oportunidades, visitar lugares de nuestra ciudad y compartir nuevas experiencias\u201d.<\/p>\n<p>Por \u00faltimo, Otermi destac\u00f3 que \u201cdesde nuestro lugar, buscamos generar propuestas que contemplen lo recreativo y lo deportivo como un derecho que se promueva dentro del Espacio\u201d.<\/p>\n","protected":false},"excerpt":{"rendered":"<p>La propuesta, destinada a ni\u00f1os de 7 a 12 a\u00f1os, cerr\u00f3 su ciclo 2025 con<\/p>\n","protected":false},"author":1,"featured_media":36317,"comment_status":"closed","ping_status":"closed","sticky":false,"template":"","format":"standard","meta":{"footnotes":""},"categories":[31,79],"tags":[],"class_list":["post-36315","post","type-post","status-publish","format-standard","has-post-thumbnail","hentry","category-destacada","category-noticias"],"_links":{"self":[{"href":"https:\/\/www.comodoro.gov.ar\/desarrollohumano\/wp-json\/wp\/v2\/posts\/36315","targetHints":{"allow":["GET"]}}],"collection":[{"href":"https:\/\/www.comodoro.gov.ar\/desarrollohumano\/wp-json\/wp\/v2\/posts"}],"about":[{"href":"https:\/\/www.comodoro.gov.ar\/desarrollohumano\/wp-json\/wp\/v2\/types\/post"}],"author":[{"embeddable":true,"href":"https:\/\/www.comodoro.gov.ar\/desarrollohumano\/wp-json\/wp\/v2\/users\/1"}],"replies":[{"embeddable":true,"href":"https:\/\/www.comodoro.gov.ar\/desarrollohumano\/wp-json\/wp\/v2\/comments?post=36315"}],"version-history":[{"count":1,"href":"https:\/\/www.comodoro.gov.ar\/desarrollohumano\/wp-json\/wp\/v2\/posts\/36315\/revisions"}],"predecessor-version":[{"id":36318,"href":"https:\/\/www.comodoro.gov.ar\/desarrollohumano\/wp-json\/wp\/v2\/posts\/36315\/revisions\/36318"}],"wp:featuredmedia":[{"embeddable":true,"href":"https:\/\/www.comodoro.gov.ar\/desarrollohumano\/wp-json\/wp\/v2\/media\/36317"}],"wp:attachment":[{"href":"https:\/\/www.comodoro.gov.ar\/desarrollohumano\/wp-json\/wp\/v2\/media?parent=36315"}],"wp:term":[{"taxonomy":"category","embeddable":true,"href":"https:\/\/www.comodoro.gov.ar\/desarrollohumano\/wp-json\/wp\/v2\/categories?post=36315"},{"taxonomy":"post_tag","embeddable":true,"href":"https:\/\/www.comodoro.gov.ar\/desarrollohumano\/wp-json\/wp\/v2\/tags?post=36315"}],"curies":[{"name":"wp","href":"https:\/\/api.w.org\/{rel}","templated":true}]}}