{"id":1625,"date":"2018-10-29T11:37:47","date_gmt":"2018-10-29T14:37:47","guid":{"rendered":"https:\/\/www.comodoro.gov.ar\/intranet\/?p=1625"},"modified":"2025-02-11T09:43:28","modified_gmt":"2025-02-11T12:43:28","slug":"concurso-abierto-externo-1-un-cargo-de-director-pd","status":"publish","type":"post","link":"https:\/\/www.comodoro.gov.ar\/intranet\/2018\/10\/29\/concurso-abierto-externo-1-un-cargo-de-director-pd\/","title":{"rendered":"(Finalizado) Concurso Abierto (externo)\u00a01 (un) cargo de Director PD"},"content":{"rendered":"<p><img fetchpriority=\"high\" decoding=\"async\" class=\"alignnone wp-image-1441 size-full\" src=\"http:\/\/www.comodoro.gov.ar\/intranet\/wp-content\/uploads\/2023\/05\/concurso_finalizado.jpg\" alt=\"\" width=\"600\" height=\"198\" \/><br \/>\n<span style=\"color: #000000;\"><a href=\"https:\/\/www.comodoro.gov.ar\/wp-content\/uploads\/2018\/10\/direct_discap.jpg\"><img decoding=\"async\" class=\"alignleft wp-image-24003\" src=\"https:\/\/www.comodoro.gov.ar\/wp-content\/uploads\/2018\/10\/direct_discap.jpg\" alt=\"\" width=\"394\" height=\"450\" \/><\/a>Concurso Abierto (externo)\u00a01 (un) cargo de Director Direcci\u00f3n Programa Discapacidad &#8211;\u00a0Secretar\u00eda de Desarrollo Humano y Familia<\/span><\/p>\n<p><span style=\"color: #000000;\">La Municipalidad de Comodoro Rivadavia, por <a href=\"https:\/\/www.comodoro.gov.ar\/wp-content\/uploads\/2018\/10\/direccion_prog_dicap.pdf\" target=\"_blank\" rel=\"noopener\"><strong>Resoluci\u00f3n N\u00b0 2522\/18<\/strong><\/a> llama a Concurso Abierto para cubrir:<\/span><\/p>\n<p><span style=\"color: #000000;\"><strong>CARGO:<\/strong> Director<\/span><\/p>\n<p><span style=\"color: #000000;\">Direcci\u00f3n Programa Discapacidad &#8211;\u00a0<\/span><span style=\"color: #000000;\">Subsecretar\u00eda de Ni\u00f1ez, Adolescencia y Familia &#8211;\u00a0<\/span><span style=\"color: #000000;\">Secretar\u00eda de Desarrollo Humano y Familia.<\/span><\/p>\n<p><span style=\"color: #000000;\"><strong>CLASE DE CONCURSO:<\/strong> Concurso abierto<\/span><\/p>\n<p><span style=\"color: #000000;\">Abierto \u201cPodr\u00e1n participar todos los postulantes procedentes de los \u00e1mbitos p\u00fablico y privado que acrediten las condiciones exigidas\u201d Art. 28 T\u00edtulo III Sistema de Selecci\u00f3n EEPM Ord. 6418-97 y sus modificatorias.<\/span><\/p>\n<p><span style=\"color: #000000;\"><strong>CANTIDAD DE CARGOS A CUBRIR:\u00a0<\/strong>1 (un) cargo de Director Programa Discapacidad<\/span><\/p>\n<p><span style=\"color: #000000;\"><strong>CATEGOR\u00cdA:<\/strong> 23<\/span><\/p>\n<p><span style=\"color: #000000;\">La equivalente a la que bajo la vigencia de la Ordenanza N\u00b0 153\/74 se designar\u00e1 Cat. 23 en un todo de acuerdo con la Ordenanza N\u00b0 6418-1\/01.<\/span><\/p>\n<p><span style=\"color: #000000;\"><strong>FUNCIONES A DESEMPE\u00d1AR:\u00a0<\/strong>Las previstas por Resoluci\u00f3n de Convocatoria N\u00b0 2522\/18<\/span><\/p>\n<p><span style=\"color: #000000;\"><strong>REQUISITOS<\/strong><\/span><\/p>\n<ul>\n<li><span style=\"color: #000000;\">Edad m\u00ednima 25 a\u00f1os<\/span><\/li>\n<li><span style=\"color: #000000;\">Ser argentino nativo o naturalizado<\/span><\/li>\n<li><span style=\"color: #000000;\">T\u00edtulo universitario habilitante \u2013Licenciado en Psicolog\u00eda, Trabajo Social, Abogado o af\u00edn.<\/span><\/li>\n<li><span style=\"color: #000000;\">Certificado vigente de Antecedentes Penales expedido por el Registro Nacional de Reincidencia (RNR).<\/span><\/li>\n<li><span style=\"color: #000000;\">Anexo III de la Resoluci\u00f3n N\u00b0 2522\/18 (Declaraci\u00f3n juradas de domicilio y correo electr\u00f3nico, de no encontrarse contemplado por el Art. 12 del EEPM y de no posesi\u00f3n de deudas)<\/span><\/li>\n<li><span style=\"color: #000000;\">Fotocopia DNI<\/span><\/li>\n<li><span style=\"color: #000000;\">Certificado de Salud expedido o refrendado por un Organismo de Salud P\u00fablica<\/span><\/li>\n<li><span style=\"color: #000000;\">Curriculum vitae<\/span><\/li>\n<li><span style=\"color: #000000;\">Certificado de matr\u00edcula profesional<\/span><\/li>\n<li><span style=\"color: #000000;\">Certificado de \u00c9tica profesional<\/span><\/li>\n<li><span style=\"color: #000000;\">Presentaci\u00f3n de proyecto de gesti\u00f3n<\/span><\/li>\n<li><span style=\"color: #000000;\">Deber\u00e1 acreditar experiencia en puesto directivo concursado, competencias directivas y manejo de equipos<\/span><\/li>\n<li><span style=\"color: #000000;\">Cursos y seminarios<\/span><\/li>\n<li><span style=\"color: #000000;\">Conocimiento de la normativa vigente aplicable<\/span><\/li>\n<li><span style=\"color: #000000;\">Proyecto de gesti\u00f3n que contenga el dise\u00f1o y definici\u00f3n de estrategias de intervenci\u00f3n.<\/span><\/li>\n<li><span style=\"color: #000000;\">Aprobar la evaluaci\u00f3n de antecedentes y examen<\/span><\/li>\n<\/ul>\n<p><span style=\"color: #000000;\"><strong>LUGAR Y FECHA DE APERTURA, CIERRE DE INSCRIPCI\u00d3N Y MODALIDADES DE ENTREGA DE ANTECEDENTES<\/strong><\/span><\/p>\n<p><span style=\"color: #000000;\">Enviar la documentaci\u00f3n en sobre cerrado a:<\/span><\/p>\n<p><span style=\"color: #000000;\">Subsecretar\u00eda de Recursos Humanos-Municipalidad de Comodoro Rivadavia<\/span><\/p>\n<p><span style=\"color: #000000;\">Direcci\u00f3n: Almirante Brown N\u00b0 555<\/span><\/p>\n<p><span style=\"color: #000000;\">Ciudad de Comodoro Rivadavia \u2013 Pcia. de Chubut \u2013 CP 9000<\/span><\/p>\n<p><span style=\"color: #000000;\">El sobre cerrado no debe contener identificaci\u00f3n personal, indicar en el mismo N\u00b0 de Resoluci\u00f3n de Convocatoria y cargo a concursar.<\/span><\/p>\n<p><span style=\"color: #000000;\">Fecha de apertura de inscripci\u00f3n: 29 de octubre de 2018<\/span><\/p>\n<p><span style=\"color: #000000;\">Fecha de cierre de inscripci\u00f3n: 02 de noviembre de 2018, inclusive<\/span><\/p>\n<p><span style=\"color: #000000;\">Horario: 8.30 a 14 hs.<\/span><\/p>\n<p><span style=\"color: #000000;\"><strong>LUGAR DONDE PODR\u00c1 OBTENERSE MAYOR INFORMACI\u00d3N:<\/strong><\/span><\/p>\n<p><span style=\"color: #000000;\">Direcci\u00f3n General de Protecci\u00f3n Integral de Derechos \u2013 Francia 596<\/span><\/p>\n<p><span style=\"color: #000000;\">Tel: 4473270 \/ 154191671<\/span><\/p>\n<p><span style=\"color: #000000;\">Subsecretar\u00eda de Recursos Humanos \u2013 M.C.R.\u2013 Direcci\u00f3n:\u00a0 Almirante Brown 555\u00a0\u00a0 de Lunes a Viernes de 08:30 hrs. a 14 hrs. Tel\u00e9fono: 0297 \u2013 4461867\/ 154248749<\/span><\/p>\n","protected":false},"excerpt":{"rendered":"<p>Concurso Abierto (externo)\u00a01 (un) cargo de Director Direcci\u00f3n Programa Discapacidad &#8211;\u00a0Secretar\u00eda de Desarrollo Humano y<\/p>\n","protected":false},"author":2,"featured_media":2522,"comment_status":"closed","ping_status":"closed","sticky":false,"template":"","format":"standard","meta":{"footnotes":""},"categories":[20],"tags":[],"class_list":["post-1625","post","type-post","status-publish","format-standard","has-post-thumbnail","hentry","category-concursos"],"_links":{"self":[{"href":"https:\/\/www.comodoro.gov.ar\/intranet\/wp-json\/wp\/v2\/posts\/1625","targetHints":{"allow":["GET"]}}],"collection":[{"href":"https:\/\/www.comodoro.gov.ar\/intranet\/wp-json\/wp\/v2\/posts"}],"about":[{"href":"https:\/\/www.comodoro.gov.ar\/intranet\/wp-json\/wp\/v2\/types\/post"}],"author":[{"embeddable":true,"href":"https:\/\/www.comodoro.gov.ar\/intranet\/wp-json\/wp\/v2\/users\/2"}],"replies":[{"embeddable":true,"href":"https:\/\/www.comodoro.gov.ar\/intranet\/wp-json\/wp\/v2\/comments?post=1625"}],"version-history":[{"count":1,"href":"https:\/\/www.comodoro.gov.ar\/intranet\/wp-json\/wp\/v2\/posts\/1625\/revisions"}],"predecessor-version":[{"id":3105,"href":"https:\/\/www.comodoro.gov.ar\/intranet\/wp-json\/wp\/v2\/posts\/1625\/revisions\/3105"}],"wp:featuredmedia":[{"embeddable":true,"href":"https:\/\/www.comodoro.gov.ar\/intranet\/wp-json\/wp\/v2\/media\/2522"}],"wp:attachment":[{"href":"https:\/\/www.comodoro.gov.ar\/intranet\/wp-json\/wp\/v2\/media?parent=1625"}],"wp:term":[{"taxonomy":"category","embeddable":true,"href":"https:\/\/www.comodoro.gov.ar\/intranet\/wp-json\/wp\/v2\/categories?post=1625"},{"taxonomy":"post_tag","embeddable":true,"href":"https:\/\/www.comodoro.gov.ar\/intranet\/wp-json\/wp\/v2\/tags?post=1625"}],"curies":[{"name":"wp","href":"https:\/\/api.w.org\/{rel}","templated":true}]}}