{"id":1629,"date":"2018-10-16T11:45:55","date_gmt":"2018-10-16T14:45:55","guid":{"rendered":"https:\/\/www.comodoro.gov.ar\/intranet\/?p=1629"},"modified":"2025-02-11T09:43:28","modified_gmt":"2025-02-11T12:43:28","slug":"concurso-abierto-externo-1-un-cargo-de-director-spdnaf","status":"publish","type":"post","link":"https:\/\/www.comodoro.gov.ar\/intranet\/2018\/10\/16\/concurso-abierto-externo-1-un-cargo-de-director-spdnaf\/","title":{"rendered":"(Finalizado) Concurso Abierto (externo)\u00a01 (un) cargo de Director SPDNAF"},"content":{"rendered":"<p><img fetchpriority=\"high\" decoding=\"async\" class=\"alignnone wp-image-1441 size-full\" src=\"http:\/\/www.comodoro.gov.ar\/intranet\/wp-content\/uploads\/2023\/05\/concurso_finalizado.jpg\" alt=\"\" width=\"600\" height=\"198\" \/><br \/>\n<span style=\"color: #000000;\">Concurso Abierto (externo)\u00a01 (un) cargo de Director del Servicio de Protecci\u00f3n de Derechos de la ni\u00f1ez, adolescencia y familia &#8211; Secretar\u00eda de Desarrollo Humano y Familia<\/span><\/p>\n<p><span style=\"color: #000000;\"><a href=\"https:\/\/www.comodoro.gov.ar\/wp-content\/uploads\/2018\/10\/direc_protec.jpg\"><img decoding=\"async\" class=\"alignleft wp-image-24000\" src=\"https:\/\/www.comodoro.gov.ar\/wp-content\/uploads\/2018\/10\/direc_protec.jpg\" alt=\"\" width=\"439\" height=\"504\" \/><\/a>La Municipalidad de Comodoro Rivadavia, por <a href=\"https:\/\/www.comodoro.gov.ar\/wp-content\/uploads\/2018\/10\/director_spd.pdf\" target=\"_blank\" rel=\"noopener\"><strong>Resoluci\u00f3n N\u00b0 2298\/18 modificada por Resoluci\u00f3n N\u00b0 2451\/18<\/strong><\/a> llama a Concurso Abierto para cubrir:<\/span><\/p>\n<p><span style=\"color: #000000;\"><strong>CARGO:<\/strong> Director<\/span><\/p>\n<p><span style=\"color: #000000;\">Direcci\u00f3n Servicio de Protecci\u00f3n de Derechos de la ni\u00f1ez, adolescencia y familia<\/span><\/p>\n<p><span style=\"color: #000000;\">Subsecretar\u00eda de Ni\u00f1ez, Adolescencia y Familia<\/span><\/p>\n<p><span style=\"color: #000000;\">Secretar\u00eda de Desarrollo Humano y Familia.<\/span><\/p>\n<p><span style=\"color: #000000;\"><strong>CLASE DE CONCURSO:<\/strong> Concurso abierto<\/span><\/p>\n<p><span style=\"color: #000000;\">Abierto \u201cPodr\u00e1n participar todos los postulantes procedentes de los \u00e1mbitos p\u00fablico y privado que acrediten las condiciones exigidas\u201d Art. 28 T\u00edtulo III Sistema de Selecci\u00f3n EEPM Ord. 6418-97 y sus modificatorias.<\/span><\/p>\n<p><strong><span style=\"color: #000000;\">CANTIDAD DE CARGOS A CUBRIR:\u00a0<\/span><\/strong><span style=\"color: #000000;\">1 (un) cargo de Director del Servicio de Protecci\u00f3n de Derechos de la ni\u00f1ez, adolescencia y familia<\/span><\/p>\n<p><span style=\"color: #000000;\"><strong>CATEGOR\u00cdA:<\/strong> 23<\/span><\/p>\n<p><span style=\"color: #000000;\">La equivalente a la que bajo la vigencia de la Ordenanza N\u00b0 153\/74 se designar\u00e1 Cat. 23 en un todo de acuerdo con la Ordenanza N\u00b0 6418-1\/01.<\/span><\/p>\n<p><span style=\"color: #000000;\"><strong>FUNCIONES A DESEMPE\u00d1AR:<\/strong>\u00a0<\/span><span style=\"color: #000000;\">Las previstas por Resoluci\u00f3n de Convocatoria N\u00b0 2298\/18<\/span><\/p>\n<p><strong><span style=\"color: #000000;\">REQUISITOS<\/span><\/strong><\/p>\n<ul>\n<li><span style=\"color: #000000;\">Edad m\u00ednima 25 a\u00f1os<\/span><\/li>\n<li><span style=\"color: #000000;\">Ser argentino nativo o naturalizado<\/span><\/li>\n<li><span style=\"color: #000000;\">T\u00edtulo universitario habilitante \u2013Licenciado en Psicolog\u00eda, Trabajo Social, Abogado o af\u00edn.<\/span><\/li>\n<li><span style=\"color: #000000;\">Certificado vigente de Antecedentes Penales expedido por el Registro Nacional de Reincidencia (RNR)<\/span><\/li>\n<li><span style=\"color: #000000;\">Anexo III de la Resoluci\u00f3n N\u00b0 2298\/18 (Declaraci\u00f3n juradas de domicilio y correo electr\u00f3nico, de no encontrarse contemplado por el Art. 12 del EEPM y de no posesi\u00f3n de deudas)<\/span><\/li>\n<li><span style=\"color: #000000;\">Fotocopia DNI<\/span><\/li>\n<li><span style=\"color: #000000;\">Certificado de Salud expedido o refrendado por un Organismo de Salud P\u00fablica<\/span><\/li>\n<li><span style=\"color: #000000;\">Certificado de matr\u00edcula profesional<\/span><\/li>\n<li><span style=\"color: #000000;\">Certificado de \u00c9tica profesional<\/span><\/li>\n<li><span style=\"color: #000000;\">Curriculum vitae<\/span><\/li>\n<li><span style=\"color: #000000;\">Presentaci\u00f3n de proyecto de gesti\u00f3n<\/span><\/li>\n<li><span style=\"color: #000000;\">Deber\u00e1 acreditar competencias directivas y manejo de equipos<\/span><\/li>\n<li><span style=\"color: #000000;\">Cursos y seminarios<\/span><\/li>\n<li><span style=\"color: #000000;\">Aprobar la evaluaci\u00f3n de antecedentes y examen<\/span><\/li>\n<\/ul>\n<p><strong><span style=\"color: #000000;\">Material de consulta:<\/span><\/strong><\/p>\n<ul>\n<li><span style=\"color: #0000ff;\"><a style=\"color: #0000ff;\" href=\"https:\/\/www.comodoro.gov.ar\/wp-content\/uploads\/2018\/10\/aspectos_luridicos_RESP_DEL_ESTADO.docx\" target=\"_blank\" rel=\"noopener\">aspectos_luridicos_RESP_DEL_ESTADO.docx<\/a><\/span><\/li>\n<li><span style=\"color: #0000ff;\"><a style=\"color: #0000ff;\" href=\"https:\/\/www.comodoro.gov.ar\/wp-content\/uploads\/2018\/10\/Bosker_Mirta_Derechos_de_nnyj.pdf\" target=\"_blank\" rel=\"noopener\">Bosker_Mirta_Derechos_de_nnyj.pdf<\/a><\/span><\/li>\n<li><span style=\"color: #0000ff;\"><a style=\"color: #0000ff;\" href=\"https:\/\/www.comodoro.gov.ar\/wp-content\/uploads\/2018\/10\/Cafiero_El_rol_de_los_org_administrativos.pdf\" target=\"_blank\" rel=\"noopener\">Cafiero_El_rol_de_los_org_administrativos.pdf<\/a><\/span><\/li>\n<li><span style=\"color: #0000ff;\"><a style=\"color: #0000ff;\" href=\"https:\/\/www.comodoro.gov.ar\/wp-content\/uploads\/2018\/10\/Casacidn_Cuadernillo.pdf\" target=\"_blank\" rel=\"noopener\">Casacidn_Cuadernillo.pdf<\/a><\/span><\/li>\n<li><span style=\"color: #0000ff;\"><a style=\"color: #0000ff;\" href=\"https:\/\/www.comodoro.gov.ar\/wp-content\/uploads\/2018\/10\/comentario_ley_proteccion_integral.doc\" target=\"_blank\" rel=\"noopener\">comentario_ley_proteccion_integral.doc<\/a><\/span><\/li>\n<li><span style=\"color: #0000ff;\"><a style=\"color: #0000ff;\" href=\"https:\/\/www.comodoro.gov.ar\/wp-content\/uploads\/2018\/10\/comentario_reglamentacion_ley_26061.doc\" target=\"_blank\" rel=\"noopener\">comentario_reglamentacion_ley_26061.doc<\/a><\/span><\/li>\n<li><span style=\"color: #0000ff;\"><a style=\"color: #0000ff;\" href=\"https:\/\/www.comodoro.gov.ar\/wp-content\/uploads\/2018\/10\/convencionsobrelosderechos.pdf\" target=\"_blank\" rel=\"noopener\">convencionsobrelosderechos.pdf<\/a><\/span><\/li>\n<li><span style=\"color: #0000ff;\"><a style=\"color: #0000ff;\" href=\"https:\/\/www.comodoro.gov.ar\/wp-content\/uploads\/2018\/10\/Cuadernillo_N_3.pdf_C.pdf\" target=\"_blank\" rel=\"noopener\">Cuadernillo_N_3.pdf_C.pdf<\/a><\/span><\/li>\n<li><span style=\"color: #0000ff;\"><a style=\"color: #0000ff;\" href=\"https:\/\/www.comodoro.gov.ar\/wp-content\/uploads\/2018\/10\/cuadro_moduloIV_bis.doc\" target=\"_blank\" rel=\"noopener\">cuadro_moduloIV_bis.doc<\/a><\/span><\/li>\n<li><span style=\"color: #0000ff;\"><a style=\"color: #0000ff;\" href=\"https:\/\/www.comodoro.gov.ar\/wp-content\/uploads\/2018\/10\/Estado_de_situacion_de_la_ninez_y_la_adolescencia_en_Argentina_UNICEF.pdf\" target=\"_blank\" rel=\"noopener\">Estado_de_situacion_de_la_ninez_y_la_adolescencia_en_Argentina_UNICEF.pdf<\/a><\/span><\/li>\n<li><span style=\"color: #0000ff;\"><a style=\"color: #0000ff;\" href=\"https:\/\/www.comodoro.gov.ar\/wp-content\/uploads\/2018\/10\/funciones_servicio.doc\" target=\"_blank\" rel=\"noopener\">funciones_servicio.doc<\/a><\/span><\/li>\n<li><span style=\"color: #0000ff;\"><a style=\"color: #0000ff;\" href=\"https:\/\/www.comodoro.gov.ar\/wp-content\/uploads\/2018\/10\/KONTERLLNIK_Una_nueva_institucionalidad.pdf\" target=\"_blank\" rel=\"noopener\">KONTERLLNIK_Una_nueva_institucionalidad.pdf<\/a><\/span><\/li>\n<li><span style=\"color: #0000ff;\"><a style=\"color: #0000ff;\" href=\"https:\/\/www.comodoro.gov.ar\/wp-content\/uploads\/2018\/10\/Nueva_Institucionalidad_para_un_pais_mas_justo_e_inclusivo.pdf\" target=\"_blank\" rel=\"noopener\">Nueva_Institucionalidad_para_un_pa\u00eds_m\u00e1s_justo_e_inclusivo.pdf<\/a><\/span><\/li>\n<li><span style=\"color: #0000ff;\"><a style=\"color: #0000ff;\" href=\"https:\/\/www.comodoro.gov.ar\/wp-content\/uploads\/2018\/10\/Ponencia_para_Encuentro_de_SPD_marzo-2010.doc\" target=\"_blank\" rel=\"noopener\">Ponencia_para_Encuentro_de_SPD_marzo 2010.doc<\/a><\/span><\/li>\n<li><span style=\"color: #0000ff;\"><a style=\"color: #0000ff;\" href=\"https:\/\/www.comodoro.gov.ar\/wp-content\/uploads\/2018\/10\/PROTECCION_Relevamiento_Sin_Cuidados_Parentales_2015.pdf\" target=\"_blank\" rel=\"noopener\">PROTECCION_Relevamiento_Sin_Cuidados_Parentales_2015.pdf<\/a><\/span><\/li>\n<li><span style=\"color: #0000ff;\"><a style=\"color: #0000ff;\" href=\"https:\/\/www.comodoro.gov.ar\/wp-content\/uploads\/2018\/10\/redefinicion_de_las_funciones_de_los_organismos.doc\" target=\"_blank\" rel=\"noopener\">redefinicion_de_las_funciones_de_los_organismos.doc<\/a><\/span><\/li>\n<\/ul>\n<p><strong><span style=\"color: #000000;\">LUGAR Y FECHA DE APERTURA, CIERRE DE INSCRIPCI\u00d3N Y MODALIDADES DE ENTREGA DE ANTECEDENTES<\/span><\/strong><\/p>\n<p><span style=\"color: #000000;\">Enviar la documentaci\u00f3n en sobre cerrado a:<\/span><\/p>\n<p><span style=\"color: #000000;\">Subsecretar\u00eda de Recursos Humanos-Municipalidad de Comodoro Rivadavia<\/span><\/p>\n<p><span style=\"color: #000000;\">Direcci\u00f3n: Almirante Brown N\u00b0 555<\/span><\/p>\n<p><span style=\"color: #000000;\">Ciudad de Comodoro Rivadavia \u2013 Pcia. de Chubut \u2013 CP 9000<\/span><\/p>\n<p><span style=\"color: #000000;\">El sobre cerrado no debe contener identificaci\u00f3n personal, indicar en el mismo N\u00b0 de Resoluci\u00f3n de Convocatoria y cargo a concursar.<\/span><\/p>\n<p><span style=\"color: #000000;\">Fecha de apertura de inscripci\u00f3n: 16 de octubre de 2018<\/span><\/p>\n<p><span style=\"color: #000000;\">Fecha de cierre de inscripci\u00f3n: 23 de octubre de 2018, inclusive<\/span><\/p>\n<p><span style=\"color: #000000;\">Horario: 8.30 a 14 hs.<\/span><\/p>\n<p><strong><span style=\"color: #000000;\">LUGAR DONDE PODR\u00c1 OBTENERSE MAYOR INFORMACI\u00d3N:<\/span><\/strong><\/p>\n<p><span style=\"color: #000000;\">Subsecretar\u00eda de Recursos Humanos \u2013 M.C.R.\u2013 Direcci\u00f3n:\u00a0 Almirante Brown 555\u00a0\u00a0 de Lunes a Viernes de 08:30 hrs. a 14 hrs. Tel\u00e9fono: 0297 &#8211; 4461867<\/span><\/p>\n","protected":false},"excerpt":{"rendered":"<p>Concurso Abierto (externo)\u00a01 (un) cargo de Director del Servicio de Protecci\u00f3n de Derechos de la<\/p>\n","protected":false},"author":2,"featured_media":2522,"comment_status":"closed","ping_status":"closed","sticky":false,"template":"","format":"standard","meta":{"footnotes":""},"categories":[20],"tags":[],"class_list":["post-1629","post","type-post","status-publish","format-standard","has-post-thumbnail","hentry","category-concursos"],"_links":{"self":[{"href":"https:\/\/www.comodoro.gov.ar\/intranet\/wp-json\/wp\/v2\/posts\/1629","targetHints":{"allow":["GET"]}}],"collection":[{"href":"https:\/\/www.comodoro.gov.ar\/intranet\/wp-json\/wp\/v2\/posts"}],"about":[{"href":"https:\/\/www.comodoro.gov.ar\/intranet\/wp-json\/wp\/v2\/types\/post"}],"author":[{"embeddable":true,"href":"https:\/\/www.comodoro.gov.ar\/intranet\/wp-json\/wp\/v2\/users\/2"}],"replies":[{"embeddable":true,"href":"https:\/\/www.comodoro.gov.ar\/intranet\/wp-json\/wp\/v2\/comments?post=1629"}],"version-history":[{"count":1,"href":"https:\/\/www.comodoro.gov.ar\/intranet\/wp-json\/wp\/v2\/posts\/1629\/revisions"}],"predecessor-version":[{"id":3108,"href":"https:\/\/www.comodoro.gov.ar\/intranet\/wp-json\/wp\/v2\/posts\/1629\/revisions\/3108"}],"wp:featuredmedia":[{"embeddable":true,"href":"https:\/\/www.comodoro.gov.ar\/intranet\/wp-json\/wp\/v2\/media\/2522"}],"wp:attachment":[{"href":"https:\/\/www.comodoro.gov.ar\/intranet\/wp-json\/wp\/v2\/media?parent=1629"}],"wp:term":[{"taxonomy":"category","embeddable":true,"href":"https:\/\/www.comodoro.gov.ar\/intranet\/wp-json\/wp\/v2\/categories?post=1629"},{"taxonomy":"post_tag","embeddable":true,"href":"https:\/\/www.comodoro.gov.ar\/intranet\/wp-json\/wp\/v2\/tags?post=1629"}],"curies":[{"name":"wp","href":"https:\/\/api.w.org\/{rel}","templated":true}]}}