{"id":2087,"date":"2023-10-24T08:05:09","date_gmt":"2023-10-24T11:05:09","guid":{"rendered":"https:\/\/www.comodoro.gov.ar\/intranet\/?p=2087"},"modified":"2025-07-10T14:17:27","modified_gmt":"2025-07-10T17:17:27","slug":"memo-sobre-seguro-de-vida-optativo","status":"publish","type":"post","link":"https:\/\/www.comodoro.gov.ar\/intranet\/2023\/10\/24\/memo-sobre-seguro-de-vida-optativo\/","title":{"rendered":"Memor\u00e1ndum de la Direcci\u00f3n General de Medicina Laboral"},"content":{"rendered":"<p><span style=\"color: #000000;\">Se informa memor\u00e1ndum emitido por la Direcci\u00f3n General de Medicina Laboral de la Subsecretar\u00eda de Recursos Humanos dirigido a todos los agentes de todas las \u00e1reas municipales<\/span>.<\/p>\n<p><strong><a href=\"http:\/\/www.comodoro.gov.ar\/intranet\/wp-content\/uploads\/2023\/10\/MEMORANDUM-NORMALIZACION-medicina-laboral.pdf\">Memorandum<img decoding=\"async\" class=\"alignnone size-full wp-image-1323\" src=\"http:\/\/www.comodoro.gov.ar\/intranet\/wp-content\/uploads\/2023\/04\/puntero.png\" alt=\"\" width=\"26\" height=\"20\" \/><\/a><\/strong><\/p>\n<p>&nbsp;<\/p>\n","protected":false},"excerpt":{"rendered":"<p>Se informa memor\u00e1ndum emitido por la Direcci\u00f3n General de Medicina Laboral de la Subsecretar\u00eda de<\/p>\n","protected":false},"author":2,"featured_media":3421,"comment_status":"open","ping_status":"closed","sticky":false,"template":"","format":"standard","meta":{"footnotes":""},"categories":[72,109],"tags":[],"class_list":["post-2087","post","type-post","status-publish","format-standard","has-post-thumbnail","hentry","category-comunicados","category-memos"],"_links":{"self":[{"href":"https:\/\/www.comodoro.gov.ar\/intranet\/wp-json\/wp\/v2\/posts\/2087","targetHints":{"allow":["GET"]}}],"collection":[{"href":"https:\/\/www.comodoro.gov.ar\/intranet\/wp-json\/wp\/v2\/posts"}],"about":[{"href":"https:\/\/www.comodoro.gov.ar\/intranet\/wp-json\/wp\/v2\/types\/post"}],"author":[{"embeddable":true,"href":"https:\/\/www.comodoro.gov.ar\/intranet\/wp-json\/wp\/v2\/users\/2"}],"replies":[{"embeddable":true,"href":"https:\/\/www.comodoro.gov.ar\/intranet\/wp-json\/wp\/v2\/comments?post=2087"}],"version-history":[{"count":1,"href":"https:\/\/www.comodoro.gov.ar\/intranet\/wp-json\/wp\/v2\/posts\/2087\/revisions"}],"predecessor-version":[{"id":2672,"href":"https:\/\/www.comodoro.gov.ar\/intranet\/wp-json\/wp\/v2\/posts\/2087\/revisions\/2672"}],"wp:featuredmedia":[{"embeddable":true,"href":"https:\/\/www.comodoro.gov.ar\/intranet\/wp-json\/wp\/v2\/media\/3421"}],"wp:attachment":[{"href":"https:\/\/www.comodoro.gov.ar\/intranet\/wp-json\/wp\/v2\/media?parent=2087"}],"wp:term":[{"taxonomy":"category","embeddable":true,"href":"https:\/\/www.comodoro.gov.ar\/intranet\/wp-json\/wp\/v2\/categories?post=2087"},{"taxonomy":"post_tag","embeddable":true,"href":"https:\/\/www.comodoro.gov.ar\/intranet\/wp-json\/wp\/v2\/tags?post=2087"}],"curies":[{"name":"wp","href":"https:\/\/api.w.org\/{rel}","templated":true}]}}