{"id":2228,"date":"2023-10-23T10:50:14","date_gmt":"2023-10-23T13:50:14","guid":{"rendered":"https:\/\/www.comodoro.gov.ar\/intranet\/?p=2228"},"modified":"2025-02-17T12:31:52","modified_gmt":"2025-02-17T15:31:52","slug":"concurso-para-cubrir-1-cargo-de-profesional-adjunto-capacitador","status":"publish","type":"post","link":"https:\/\/www.comodoro.gov.ar\/intranet\/2023\/10\/23\/concurso-para-cubrir-1-cargo-de-profesional-adjunto-capacitador\/","title":{"rendered":"(Finalizado) Concurso para cubrir 1 cargo de Profesional Adjunto Capacitador"},"content":{"rendered":"<h3><img fetchpriority=\"high\" decoding=\"async\" class=\"alignnone wp-image-1441 size-full\" src=\"http:\/\/www.comodoro.gov.ar\/intranet\/wp-content\/uploads\/2023\/05\/concurso_finalizado.jpg\" alt=\"\" width=\"600\" height=\"198\" \/><\/h3>\n<div style=\"\u201dpadding: 12px; background-color: #ffffdd; line-height: 1.4;\">\n<h3><span style=\"color: #000000;\">Fecha de apertura de inscripci\u00f3n: 31 de octubre <strong>de 2023<\/strong><\/span><\/h3>\n<h3><span style=\"color: #000000;\">Fecha de cierre de inscripci\u00f3n:<strong> 10 de noviembre de 2023, <\/strong>inclusive<\/span><\/h3>\n<\/div>\n<hr \/>\n<p>La Municipalidad de Comodoro Rivadavia, por <a href=\"https:\/\/www.comodoro.gov.ar\/wp-content\/uploads\/2023\/10\/ABIERTO-RES.-3740-23-PROF.-ADJ-CAPACITADOR-DG-POLITICAS-DE-GENERO.pdf\" target=\"_blank\" rel=\"noopener\">Resoluci\u00f3n N\u00b0 3740\/23<\/a>, llama a CONCURSO ABIERTO para cubrir cargos, seg\u00fan se detalla:<\/p>\n<p><strong>CARGOS<\/strong>: 1 (un) cargo de Profesional Adjunto &#8211; Capacitador, dependiente de la Direcci\u00f3n de Investigaci\u00f3n, Formaci\u00f3n y Dise\u00f1o de Pol\u00edticas de G\u00e9nero (Direcci\u00f3n General de Pol\u00edticas de G\u00e9nero con Abordaje Territorial -Subsecretar\u00eda de la Mujer, G\u00e9nero, Juventud y Diversidad) de la Secretar\u00eda de la Mujer, G\u00e9nero, Juventud y Diversidad, Cat. 21.<\/p>\n<p><strong>CLASE DE CONCURSO: <\/strong>Concurso abierto.<\/p>\n<p>\u201cPodr\u00e1n participar todos los postulantes procedentes de los \u00e1mbitos p\u00fablico y privado que acrediten las condiciones exigidas\u201d (Art. 28 T\u00edtulo III Sistema de Selecci\u00f3n EEPM Ord. 6418-97 y sus modificatorias 6418-01\/01)<\/p>\n<p><strong>FUNCIONES A DESEMPE\u00d1AR: <\/strong>Las previstas por <a href=\"https:\/\/www.comodoro.gov.ar\/wp-content\/uploads\/2023\/10\/ABIERTO-RES.-3740-23-PROF.-ADJ-CAPACITADOR-DG-POLITICAS-DE-GENERO.pdf\" target=\"_blank\" rel=\"noopener\">Resoluci\u00f3n de Convocatoria N\u00b0 3740\/23<\/a>.<\/p>\n<p><strong>REQUISITOS: <\/strong><\/p>\n<p>Se deber\u00e1 adjuntar un <strong>listado firmado<\/strong> por el postulante con detalle de toda la documentaci\u00f3n que se adjunta, indicando si se trata de original o copia certificada\/legalizada.<\/p>\n<ol>\n<li>Requisitos Generales:<\/li>\n<\/ol>\n<ul>\n<li>Ser <strong>argentino<\/strong> nativo o naturalizado.<\/li>\n<li>Copia certificada <strong>DNI<\/strong>.<\/li>\n<li><strong>Certificado vigente de antecedentes penales<\/strong> expedido por el Registro Nacional de Reincidencia (RNR).<\/li>\n<li><strong>Certificado de Salud <\/strong>expedido o refrendado por un Organismo de Salud P\u00fablica.<\/li>\n<li><strong>Declaraci\u00f3n Jurada Anexo III<\/strong> Res. 3740\/23.<\/li>\n<\/ul>\n<ol start=\"2\">\n<li>Requisitos Particulares:<\/li>\n<\/ol>\n<ul>\n<li>Copia certificada <strong>t\u00edtulo universitario: <\/strong><strong>Licenciado en Trabajo Social, Lic. en Sociolog\u00eda, Abogado, Lic. en Psicolog\u00eda o carreras human\u00edsticas afines<\/strong> (Experiencia m\u00ednima en el desarrollo de la profesi\u00f3n: dos a\u00f1os).<\/li>\n<li>Original o copia certificada de <strong>matr\u00edcula profesional vigente<\/strong>.<\/li>\n<li><strong>Certificado de \u00c9tica profesional<\/strong>. Debe constar en caso de poseer las sanciones disciplinarias impuestas o suspensiones para el ejercicio de la profesi\u00f3n.<\/li>\n<li>Presentaci\u00f3n de <strong>Curr\u00edculum Vitae firmado<\/strong> con detalle de la documentaci\u00f3n que se adjunta.<\/li>\n<li><strong>Cursos y seminarios<\/strong> relacionados con las tareas a desempe\u00f1ar.<\/li>\n<li>Acreditar <strong>formaci\u00f3n con perspectiva de g\u00e9nero.<\/strong><\/li>\n<li>Acreditar <strong>conocimiento del plexo normativo<\/strong> vigente.<\/li>\n<li>Acreditar manejo avanzado de <strong>herramientas inform\u00e1ticas y de estad\u00edstica\/gesti\u00f3n de datos. <\/strong><\/li>\n<li>Acreditar <strong>experiencia en investigaci\u00f3n social.<\/strong><\/li>\n<li>Acreditar <strong>experiencia en el trabajo a realizar<\/strong>, debiendo presentar especificaci\u00f3n de cargos desempe\u00f1ados, per\u00edodos y cualquier otro dato de inter\u00e9s (NO EXCLUYENTE).<\/li>\n<li>Aprobar las <strong>instancias de evaluaci\u00f3n<\/strong> propuestas.<\/li>\n<\/ul>\n<p>La documentaci\u00f3n requerida y que acredite los antecedentes que no sea original deber\u00e1 encontrarse certificada\/legalizada por Escribano P\u00fablico.\u00a0<strong>Se deber\u00e1 tener previsto el detalle de requisitos a cumplimentar, establecidos seg\u00fan Resoluci\u00f3n de Convocatoria.<\/strong><\/p>\n<p><strong>Lugar y fecha de apertura, cierre de inscripci\u00f3n y modalidades de entrega de antecedentes:<\/strong><\/p>\n<p>Presentaci\u00f3n de la documentaci\u00f3n en sobre cerrado en Subsecretar\u00eda de Recursos Humanos-Municipalidad de Comodoro Rivadavia-<strong>Manuel Belgrano 965<\/strong> (Ciudad de Comodoro Rivadavia \u2013 Pcia. de Chubut \u2013 CP 9000)<\/p>\n<p>El sobre no debe contener identificaci\u00f3n personal, indicar en el mismo N\u00b0 de Resoluci\u00f3n de Convocatoria y cargo a concursar.<\/p>\n<p>Horario: <strong>8:15 a 14 hs.<\/strong><\/p>\n<p>Fecha de apertura de inscripci\u00f3n: <strong>31 de octubre de 2023<\/strong>.<\/p>\n<p>Fecha de cierre de inscripci\u00f3n: <strong>10 de noviembre de 2023, inclusive.<\/strong><\/p>\n<p><strong>Contacto para obtener mayor informaci\u00f3n, requisitos y material de consulta:<\/strong><br \/>\nCorreo electr\u00f3nico: <a href=\"mailto:empleoydesarrollo@comodoro.gov.ar?Subject=LLAMADO%20A%20CONCURSO%20PROFESIONAL %20ADJUNTO%20CAPACITADOR\" target=\"_blank\" rel=\"noopener\">empleoydesarrollo@comodoro.gov.ar <\/a><\/p>\n<p>Asunto: <strong>LLAMADO A CONCURSO PROFESIONAL ADJUNTO CAPACITADOR <\/strong><\/p>\n","protected":false},"excerpt":{"rendered":"<p>Fecha de apertura de inscripci\u00f3n: 31 de octubre de 2023 Fecha de cierre de inscripci\u00f3n:<\/p>\n","protected":false},"author":2,"featured_media":2522,"comment_status":"open","ping_status":"closed","sticky":false,"template":"","format":"standard","meta":{"footnotes":""},"categories":[20],"tags":[],"class_list":["post-2228","post","type-post","status-publish","format-standard","has-post-thumbnail","hentry","category-concursos"],"_links":{"self":[{"href":"https:\/\/www.comodoro.gov.ar\/intranet\/wp-json\/wp\/v2\/posts\/2228","targetHints":{"allow":["GET"]}}],"collection":[{"href":"https:\/\/www.comodoro.gov.ar\/intranet\/wp-json\/wp\/v2\/posts"}],"about":[{"href":"https:\/\/www.comodoro.gov.ar\/intranet\/wp-json\/wp\/v2\/types\/post"}],"author":[{"embeddable":true,"href":"https:\/\/www.comodoro.gov.ar\/intranet\/wp-json\/wp\/v2\/users\/2"}],"replies":[{"embeddable":true,"href":"https:\/\/www.comodoro.gov.ar\/intranet\/wp-json\/wp\/v2\/comments?post=2228"}],"version-history":[{"count":1,"href":"https:\/\/www.comodoro.gov.ar\/intranet\/wp-json\/wp\/v2\/posts\/2228\/revisions"}],"predecessor-version":[{"id":3218,"href":"https:\/\/www.comodoro.gov.ar\/intranet\/wp-json\/wp\/v2\/posts\/2228\/revisions\/3218"}],"wp:featuredmedia":[{"embeddable":true,"href":"https:\/\/www.comodoro.gov.ar\/intranet\/wp-json\/wp\/v2\/media\/2522"}],"wp:attachment":[{"href":"https:\/\/www.comodoro.gov.ar\/intranet\/wp-json\/wp\/v2\/media?parent=2228"}],"wp:term":[{"taxonomy":"category","embeddable":true,"href":"https:\/\/www.comodoro.gov.ar\/intranet\/wp-json\/wp\/v2\/categories?post=2228"},{"taxonomy":"post_tag","embeddable":true,"href":"https:\/\/www.comodoro.gov.ar\/intranet\/wp-json\/wp\/v2\/tags?post=2228"}],"curies":[{"name":"wp","href":"https:\/\/api.w.org\/{rel}","templated":true}]}}