{"id":2306,"date":"2023-11-22T13:11:05","date_gmt":"2023-11-22T16:11:05","guid":{"rendered":"https:\/\/www.comodoro.gov.ar\/intranet\/?p=2306"},"modified":"2025-02-17T12:28:42","modified_gmt":"2025-02-17T15:28:42","slug":"resolucion-n4315-23-concurso-general-para-cubrir-1-cargo-administrativo","status":"publish","type":"post","link":"https:\/\/www.comodoro.gov.ar\/intranet\/2023\/11\/22\/resolucion-n4315-23-concurso-general-para-cubrir-1-cargo-administrativo\/","title":{"rendered":"(Finalizado) Resoluci\u00f3n N\u00b04315\/23 &#8211; Concurso General para cubrir 1 cargo administrativo"},"content":{"rendered":"<div style=\"\u201dpadding: 12px; background-color: #ffffdd; line-height: 1.4;\">\n<h3><img fetchpriority=\"high\" decoding=\"async\" class=\"wp-image-1441 size-full alignnone\" src=\"http:\/\/www.comodoro.gov.ar\/intranet\/wp-content\/uploads\/2023\/05\/concurso_finalizado.jpg\" alt=\"\" width=\"600\" height=\"198\" \/><\/h3>\n<h3><span style=\"color: #000000;\">Fecha de apertura de inscripci\u00f3n: 27 de noviembre <strong>de 2023<\/strong><\/span><\/h3>\n<h3><span style=\"color: #000000;\">Fecha de cierre de inscripci\u00f3n:<strong> 01 de diciembre de 2023, <\/strong>inclusive<\/span><\/h3>\n<\/div>\n<hr \/>\n<p><span style=\"color: #000000;\">La Municipalidad de Comodoro Rivadavia, por <a href=\"https:\/\/www.comodoro.gov.ar\/wp-content\/uploads\/2023\/11\/RES_4315-23.pdf\" target=\"_blank\" rel=\"noopener\"><strong>Resoluci\u00f3n N\u00b04315\/23<\/strong><\/a> llama a CONCURSO GENERAL para cubrir cargos, seg\u00fan se detalla:<\/span><\/p>\n<p><span style=\"color: #000000;\"><strong>CARGOS: <\/strong>1 (un) cargo para Administrativo \u2013 Operador Atenci\u00f3n al P\u00fablico (Departamento Administrativo &#8211; Direcci\u00f3n Administrativa) dependiente de la Direcci\u00f3n General de Medicina Laboral (Subsecretar\u00eda de Recursos Humanos) de la Secretar\u00eda de Gobierno, Modernizaci\u00f3n y Transparencia, Cat. 18<\/span><\/p>\n<p><span style=\"color: #000000;\"><strong>CLASE DE CONCURSO:<\/strong>Concurso general<\/span><\/p>\n<p><span style=\"color: #000000;\">\u201cPodr\u00e1n participar todos los empleados de carrera de la Administraci\u00f3n P\u00fablica Municipal que re\u00fanan los requisitos exigidos en el presente Ordenamiento\u201d (Art. 28 T\u00edtulo III Sistema de Selecci\u00f3n EEPM Ord. 6418-97 y sus modificatorias 6418-01\/01)<\/span><\/p>\n<p><span style=\"color: #000000;\"><strong>FUNCIONES A DESEMPE\u00d1AR:<\/strong> Las previstas por Resoluci\u00f3n de Convocatoria <strong>N\u00b0 4315\/23<\/strong><\/span><\/p>\n<p><strong><span style=\"color: #000000;\">REQUISITOS:<\/span><\/strong><\/p>\n<p><span style=\"color: #000000;\">Se deber\u00e1 adjuntar un listado firmado por el postulante con detalle de toda la documentaci\u00f3n que se adjunta, indicando si se trata de original o copia certificada\/legalizada.<\/span><\/p>\n<p><strong><span style=\"color: #000000;\">\u00a0Requisitos Generales:<\/span><\/strong><\/p>\n<ul>\n<li><span style=\"color: #000000;\">Ser empleado de carrera de la Administraci\u00f3n P\u00fablica Municipal.<\/span><\/li>\n<li><span style=\"color: #000000;\">Ser argentino nativo o naturalizado.<\/span><\/li>\n<li><span style=\"color: #000000;\">Copia certificada DNI.<\/span><\/li>\n<li><span style=\"color: #000000;\">Certificado vigente de antecedentes penales expedido por el Registro Nacional de Reincidencia (RNR).<\/span><\/li>\n<li><span style=\"color: #000000;\">Certificado de Salud expedido o refrendado por un Organismo de Salud P\u00fablica.<\/span><\/li>\n<li><span style=\"color: #000000;\">Declaraci\u00f3n Jurada Anexo IIIRes. 4315\/23<\/span><\/li>\n<\/ul>\n<p><strong><span style=\"color: #000000;\">Requisitos Particulares:<\/span><\/strong><\/p>\n<ul>\n<li><span style=\"color: #000000;\">Copia certificada t\u00edtulo secundario.<\/span><\/li>\n<li><span style=\"color: #000000;\">Presentaci\u00f3n de Curr\u00edculum Vitae firmado con detalle de la documentaci\u00f3n que se adjunta.<\/span><\/li>\n<li><span style=\"color: #000000;\">Cursos y seminarios relacionados con las tareas a desempe\u00f1ar.<\/span><\/li>\n<li><span style=\"color: #000000;\">Poseer experiencia acreditada en el trabajo a realizar, debiendo presentar especificaci\u00f3n de cargos desempe\u00f1ados, per\u00edodos y cualquier otro dato de inter\u00e9s.<\/span><\/li>\n<li><span style=\"color: #000000;\">\u00a0Acreditar manejo avanzado de herramientas inform\u00e1ticas y de estad\u00edstica\/gesti\u00f3n de datos.<\/span><\/li>\n<li><span style=\"color: #000000;\">Aprobar las instancias de evaluaci\u00f3n propuestas.<\/span><\/li>\n<\/ul>\n<p><span style=\"color: #000000;\">La documentaci\u00f3n requerida y que acredite los antecedentes que no sea original deber\u00e1 encontrarse certificada\/legalizada por Escribano P\u00fablico.<\/span><\/p>\n<p><span style=\"color: #000000;\">Se deber\u00e1 tener previsto el detalle de requisitos a cumplimentar, establecidos seg\u00fan Resoluci\u00f3n de Convocatoria<\/span><\/p>\n<p><strong><span style=\"color: #000000;\">LUGAR Y FECHA DE APERTURA, CIERRE DE INSCRIPCI\u00d3N Y MODALIDADES DE ENTREGA DE ANTECEDENTES<\/span><\/strong><\/p>\n<p><span style=\"color: #000000;\">Presentaci\u00f3n de la documentaci\u00f3n en sobre cerrado en Subsecretar\u00eda de Recursos Humanos-Municipalidad de Comodoro Rivadavia-Manuel Belgrano 965 (Ciudad de Comodoro Rivadavia \u2013 Pcia. de Chubut \u2013 CP 9000)<\/span><\/p>\n<p><span style=\"color: #000000;\">El sobre no debe contener identificaci\u00f3n personal, indicar en el mismo N\u00b0 de Resoluci\u00f3n de Convocatoria y cargo a concursar.<\/span><\/p>\n<p><span style=\"color: #000000;\"><strong>Horario:<\/strong> 8.15 a 14 hs.<\/span><\/p>\n<p><span style=\"color: #000000;\"><strong>Fecha de apertura de inscripci\u00f3n:<\/strong> 27 de noviembre de 2023<\/span><\/p>\n<p><span style=\"color: #000000;\"><strong>Fecha de cierre de inscripci\u00f3n:<\/strong> 1 de diciembrede 2023, inclusive.<\/span><\/p>\n<p><span style=\"color: #000000;\">LUGAR DONDE PODR\u00c1 OBTENERSE MAYOR INFORMACI\u00d3N, REQUISITOS Y MATERIAL DE CONSULTA<\/span><\/p>\n<p><span style=\"color: #000000;\"><strong>Correo electr\u00f3nico:<\/strong> <a href=\"mailto:empleoydesarrollo@comodoro.gov.ar?Subject=LLAMADO%20A%20CONCURSO%20ADMINISTRATIVO\" target=\"_blank\" rel=\"noopener\">empleoydesarrollo@comodoro.gov.ar<\/a><\/span><\/p>\n<p><span style=\"color: #000000;\"><strong>Asunto:<\/strong> LLAMADO A CONCURSO ADMINISTRATIVO<\/span><\/p>\n","protected":false},"excerpt":{"rendered":"<p>Fecha de apertura de inscripci\u00f3n: 27 de noviembre de 2023 Fecha de cierre de inscripci\u00f3n:<\/p>\n","protected":false},"author":1,"featured_media":2522,"comment_status":"closed","ping_status":"closed","sticky":false,"template":"","format":"standard","meta":{"footnotes":""},"categories":[20],"tags":[],"class_list":["post-2306","post","type-post","status-publish","format-standard","has-post-thumbnail","hentry","category-concursos"],"_links":{"self":[{"href":"https:\/\/www.comodoro.gov.ar\/intranet\/wp-json\/wp\/v2\/posts\/2306","targetHints":{"allow":["GET"]}}],"collection":[{"href":"https:\/\/www.comodoro.gov.ar\/intranet\/wp-json\/wp\/v2\/posts"}],"about":[{"href":"https:\/\/www.comodoro.gov.ar\/intranet\/wp-json\/wp\/v2\/types\/post"}],"author":[{"embeddable":true,"href":"https:\/\/www.comodoro.gov.ar\/intranet\/wp-json\/wp\/v2\/users\/1"}],"replies":[{"embeddable":true,"href":"https:\/\/www.comodoro.gov.ar\/intranet\/wp-json\/wp\/v2\/comments?post=2306"}],"version-history":[{"count":1,"href":"https:\/\/www.comodoro.gov.ar\/intranet\/wp-json\/wp\/v2\/posts\/2306\/revisions"}],"predecessor-version":[{"id":3217,"href":"https:\/\/www.comodoro.gov.ar\/intranet\/wp-json\/wp\/v2\/posts\/2306\/revisions\/3217"}],"wp:featuredmedia":[{"embeddable":true,"href":"https:\/\/www.comodoro.gov.ar\/intranet\/wp-json\/wp\/v2\/media\/2522"}],"wp:attachment":[{"href":"https:\/\/www.comodoro.gov.ar\/intranet\/wp-json\/wp\/v2\/media?parent=2306"}],"wp:term":[{"taxonomy":"category","embeddable":true,"href":"https:\/\/www.comodoro.gov.ar\/intranet\/wp-json\/wp\/v2\/categories?post=2306"},{"taxonomy":"post_tag","embeddable":true,"href":"https:\/\/www.comodoro.gov.ar\/intranet\/wp-json\/wp\/v2\/tags?post=2306"}],"curies":[{"name":"wp","href":"https:\/\/api.w.org\/{rel}","templated":true}]}}