{"id":2313,"date":"2023-11-27T09:54:15","date_gmt":"2023-11-27T12:54:15","guid":{"rendered":"https:\/\/www.comodoro.gov.ar\/intranet\/?p=2313"},"modified":"2025-02-17T12:27:34","modified_gmt":"2025-02-17T15:27:34","slug":"resolucion-n-3940-23-convocatoria-abierta-1-cargo-juzgado-de-faltas-n-1","status":"publish","type":"post","link":"https:\/\/www.comodoro.gov.ar\/intranet\/2023\/11\/27\/resolucion-n-3940-23-convocatoria-abierta-1-cargo-juzgado-de-faltas-n-1\/","title":{"rendered":"(Finalizado) Resoluci\u00f3n N\u00b0 3940\/23 &#8211; Convocatoria Abierta &#8211; 1 Cargo Juzgado de Faltas N\u00b0 1"},"content":{"rendered":"<div style=\"\u201dpadding: 12px; background-color: #ffffdd; line-height: 1.4;\">\n<p><img fetchpriority=\"high\" decoding=\"async\" class=\"alignnone wp-image-1441 size-full\" src=\"http:\/\/www.comodoro.gov.ar\/intranet\/wp-content\/uploads\/2023\/05\/concurso_finalizado.jpg\" alt=\"\" width=\"600\" height=\"198\" \/><\/p>\n<h3><span style=\"color: #000000;\">Fecha de apertura de inscripci\u00f3n: 27 de noviembre <strong>de 2023<\/strong><\/span><\/h3>\n<h3><span style=\"color: #000000;\">Fecha de cierre de inscripci\u00f3n:<strong> 01 de diciembre de 2023, <\/strong>inclusive<\/span><\/h3>\n<\/div>\n<hr \/>\n<p><span style=\"color: #000000;\">La Municipalidad de Comodoro Rivadavia, por <a href=\"https:\/\/www.comodoro.gov.ar\/wp-content\/uploads\/2023\/11\/RES-3940-23-DISP.-04-23.pdf\" target=\"_blank\" rel=\"noopener\"><strong>Resoluci\u00f3n N\u00b03940\/23<\/strong><\/a> (Reglamentada por Disposici\u00f3n N\u00b0 04\/23)\u00a0 convoca a inscripci\u00f3n de postulantes para cubrir, seg\u00fan se detalla:<\/span><\/p>\n<p><span style=\"color: #000000;\"><strong>CARGO:<\/strong> Juzgado de Faltas N\u00b0 1<\/span><\/p>\n<p><span style=\"color: #000000;\"><strong>REQUISITOS:<\/strong> Conforme lo establecido por el Art\u00edculo 108 de la Carta Org\u00e1nica Municipal<\/span><\/p>\n<ul>\n<li><span style=\"color: #000000;\">Edad m\u00ednima veinticinco (25) a\u00f1os de edad<\/span><\/li>\n<li><span style=\"color: #000000;\">Ciudadan\u00eda en ejercicio<\/span><\/li>\n<li><span style=\"color: #000000;\">Seis (6) a\u00f1os de antig\u00fcedad en el t\u00edtulo de abogado.<\/span><\/li>\n<\/ul>\n<p><strong><span style=\"color: #000000;\">DOCUMENTACION REQUERIDA:<\/span><\/strong><\/p>\n<ul>\n<li><span style=\"color: #000000;\">Copia certificada DNI.<\/span><\/li>\n<li><span style=\"color: #000000;\">Copia certificada T\u00edtulo Universitario.<\/span><\/li>\n<li><span style=\"color: #000000;\">Curr\u00edculum Vitae firmado con detalle de experiencia laboral y antecedentes formativos.<\/span><\/li>\n<li><span style=\"color: #000000;\">Certificado vigente de antecedentes penales expedido por el Registro Nacional de Reincidencia (RNR).<\/span><\/li>\n<li><span style=\"color: #000000;\">Certificado de \u00c9tica profesional emitido por el Colegio P\u00fablico de Abogados de la ciudad de Comodoro Rivadavia.<\/span><\/li>\n<li><span style=\"color: #000000;\">Residencia en el ejido urbano de la ciudad de Comodoro Rivadavia.<\/span><\/li>\n<\/ul>\n<p><strong><span style=\"color: #000000;\">CRITERIOS DE SELECCI\u00d3N:<\/span><\/strong><\/p>\n<ul>\n<li><span style=\"color: #000000;\">Antecedentes formativos y de experiencia en el \u00e1mbito p\u00fablico y la funci\u00f3n.<\/span><\/li>\n<li><span style=\"color: #000000;\">Entrevista personal<\/span><\/li>\n<li><span style=\"color: #000000;\">Evaluaci\u00f3n de perfil de puesto<\/span><\/li>\n<\/ul>\n<p><span style=\"color: #000000;\">Los postulantes ser\u00e1n evaluados por el Comit\u00e9 Evaluador en instancia de entrevista y an\u00e1lisis de antecedentes, con designaci\u00f3n final del Sr. Intendente y aprobaci\u00f3n del Concejo Deliberante, seg\u00fan Art\u00edculo 110 de la Carta Org\u00e1nica Municipal.<\/span><\/p>\n<p><span style=\"color: #000000;\"><strong>FECHA DE APERTURA DE INSCRIPCI\u00d3N:<\/strong>\u00a0 27 de noviembre de 2023<\/span><\/p>\n<p><span style=\"color: #000000;\"><strong>FECHA DE CIERRE DE INSCRIPCI\u00d3N<\/strong>:\u00a0 1 de diciembre de 2023, inclusive<\/span><\/p>\n<p><span style=\"color: #000000;\"><strong>Horario<\/strong>: 8.15 a 14 hs.<\/span><\/p>\n<p><span style=\"color: #000000;\"><strong>LUGAR DE PRESENTACION DE DOCUMENTACION DE POSTULANTE<\/strong>:Subsecretar\u00eda de Recursos Humanos (Belgrano 965 &#8211; Planta baja)<\/span><\/p>\n<p><span style=\"color: #000000;\"><strong>FECHA DE ENTREVISTA<\/strong>: 6 de diciembre de 2023 en instalaciones de la Subsecretar\u00eda de Recursos Humanos (Belgrano 965 3\u00b0 piso).<\/span><\/p>\n","protected":false},"excerpt":{"rendered":"<p>Fecha de apertura de inscripci\u00f3n: 27 de noviembre de 2023 Fecha de cierre de inscripci\u00f3n:<\/p>\n","protected":false},"author":2,"featured_media":2522,"comment_status":"open","ping_status":"closed","sticky":false,"template":"","format":"standard","meta":{"footnotes":""},"categories":[20],"tags":[],"class_list":["post-2313","post","type-post","status-publish","format-standard","has-post-thumbnail","hentry","category-concursos"],"_links":{"self":[{"href":"https:\/\/www.comodoro.gov.ar\/intranet\/wp-json\/wp\/v2\/posts\/2313","targetHints":{"allow":["GET"]}}],"collection":[{"href":"https:\/\/www.comodoro.gov.ar\/intranet\/wp-json\/wp\/v2\/posts"}],"about":[{"href":"https:\/\/www.comodoro.gov.ar\/intranet\/wp-json\/wp\/v2\/types\/post"}],"author":[{"embeddable":true,"href":"https:\/\/www.comodoro.gov.ar\/intranet\/wp-json\/wp\/v2\/users\/2"}],"replies":[{"embeddable":true,"href":"https:\/\/www.comodoro.gov.ar\/intranet\/wp-json\/wp\/v2\/comments?post=2313"}],"version-history":[{"count":1,"href":"https:\/\/www.comodoro.gov.ar\/intranet\/wp-json\/wp\/v2\/posts\/2313\/revisions"}],"predecessor-version":[{"id":3214,"href":"https:\/\/www.comodoro.gov.ar\/intranet\/wp-json\/wp\/v2\/posts\/2313\/revisions\/3214"}],"wp:featuredmedia":[{"embeddable":true,"href":"https:\/\/www.comodoro.gov.ar\/intranet\/wp-json\/wp\/v2\/media\/2522"}],"wp:attachment":[{"href":"https:\/\/www.comodoro.gov.ar\/intranet\/wp-json\/wp\/v2\/media?parent=2313"}],"wp:term":[{"taxonomy":"category","embeddable":true,"href":"https:\/\/www.comodoro.gov.ar\/intranet\/wp-json\/wp\/v2\/categories?post=2313"},{"taxonomy":"post_tag","embeddable":true,"href":"https:\/\/www.comodoro.gov.ar\/intranet\/wp-json\/wp\/v2\/tags?post=2313"}],"curies":[{"name":"wp","href":"https:\/\/api.w.org\/{rel}","templated":true}]}}