{"id":2761,"date":"2024-09-12T12:40:33","date_gmt":"2024-09-12T15:40:33","guid":{"rendered":"https:\/\/www.comodoro.gov.ar\/intranet\/?p=2761"},"modified":"2025-07-14T12:58:16","modified_gmt":"2025-07-14T15:58:16","slug":"comunicado-sobre-planillas-de-marcacion-de-horas-extras","status":"publish","type":"post","link":"https:\/\/www.comodoro.gov.ar\/intranet\/2024\/09\/12\/comunicado-sobre-planillas-de-marcacion-de-horas-extras\/","title":{"rendered":"Comunicado sobre planillas de marcaci\u00f3n de horas extras"},"content":{"rendered":"<p>Se informa que a partir del mes de Septiembre <strong>cada empleado con su usuario personal<\/strong>, de la misma manera que <strong>puede consultar los francos, franquicias y licencias, podr\u00e1 descargar su planilla de marcaci\u00f3n<\/strong>. La misma modalidad se utilizara de ahora en adelante para el control de las horas extras.<\/p>\n<p>La Direcci\u00f3n General de Recursos Humanos informar\u00e1 las fechas en la que estar\u00e1n disponibles en la web, as\u00ed cada empleado la descarga y la env\u00eda a su Direcci\u00f3n para el correspondiente control e informe de horas extras.<\/p>\n<p>Cualquier consulta, dirigirse a la Direcci\u00f3n General de Recursos Humanos.<\/p>\n","protected":false},"excerpt":{"rendered":"<p>Se informa que a partir del mes de Septiembre cada empleado con su usuario personal,<\/p>\n","protected":false},"author":2,"featured_media":3427,"comment_status":"closed","ping_status":"closed","sticky":false,"template":"","format":"standard","meta":{"footnotes":""},"categories":[72,17,21],"tags":[],"class_list":["post-2761","post","type-post","status-publish","format-standard","has-post-thumbnail","hentry","category-comunicados","category-procedimientos","category-rr-hh"],"_links":{"self":[{"href":"https:\/\/www.comodoro.gov.ar\/intranet\/wp-json\/wp\/v2\/posts\/2761","targetHints":{"allow":["GET"]}}],"collection":[{"href":"https:\/\/www.comodoro.gov.ar\/intranet\/wp-json\/wp\/v2\/posts"}],"about":[{"href":"https:\/\/www.comodoro.gov.ar\/intranet\/wp-json\/wp\/v2\/types\/post"}],"author":[{"embeddable":true,"href":"https:\/\/www.comodoro.gov.ar\/intranet\/wp-json\/wp\/v2\/users\/2"}],"replies":[{"embeddable":true,"href":"https:\/\/www.comodoro.gov.ar\/intranet\/wp-json\/wp\/v2\/comments?post=2761"}],"version-history":[{"count":1,"href":"https:\/\/www.comodoro.gov.ar\/intranet\/wp-json\/wp\/v2\/posts\/2761\/revisions"}],"predecessor-version":[{"id":2773,"href":"https:\/\/www.comodoro.gov.ar\/intranet\/wp-json\/wp\/v2\/posts\/2761\/revisions\/2773"}],"wp:featuredmedia":[{"embeddable":true,"href":"https:\/\/www.comodoro.gov.ar\/intranet\/wp-json\/wp\/v2\/media\/3427"}],"wp:attachment":[{"href":"https:\/\/www.comodoro.gov.ar\/intranet\/wp-json\/wp\/v2\/media?parent=2761"}],"wp:term":[{"taxonomy":"category","embeddable":true,"href":"https:\/\/www.comodoro.gov.ar\/intranet\/wp-json\/wp\/v2\/categories?post=2761"},{"taxonomy":"post_tag","embeddable":true,"href":"https:\/\/www.comodoro.gov.ar\/intranet\/wp-json\/wp\/v2\/tags?post=2761"}],"curies":[{"name":"wp","href":"https:\/\/api.w.org\/{rel}","templated":true}]}}