{"id":2762,"date":"2024-07-03T12:54:26","date_gmt":"2024-07-03T15:54:26","guid":{"rendered":"https:\/\/www.comodoro.gov.ar\/intranet\/?p=2762"},"modified":"2025-07-14T12:59:22","modified_gmt":"2025-07-14T15:59:22","slug":"recordatorio-sobre-utilizacion-de-los-francos-compensatorios","status":"publish","type":"post","link":"https:\/\/www.comodoro.gov.ar\/intranet\/2024\/07\/03\/recordatorio-sobre-utilizacion-de-los-francos-compensatorios\/","title":{"rendered":"Recordatorio sobre utilizaci\u00f3n de los francos compensatorios\u00a0"},"content":{"rendered":"<div class=\"moz-forward-container\">\n<p>Comunicado de la Direcci\u00f3n General de Recursos Humanos de la Subsecretaria de Recursos Humanos:<\/p>\n<p>A partir del mes de julio se dar\u00e1 cumplimiento a la <strong><a href=\"https:\/\/www.comodoro.gov.ar\/intranet\/wp-content\/uploads\/2024\/09\/MEMORANDUM-NORMATIVA-DE-TRABAJO-Y-EEPM.pdf\" target=\"_blank\" rel=\"noopener\">normativa<\/a> <\/strong>ya vigente con fecha 29\/04\/2024, por lo tanto se debe tener en cuenta que las horas extras que se abonar\u00e1n con el sueldo del mes de Junio corresponden al mes de mayo y los francos generados deber\u00e1n ser utilizados antes del 31 de julio del corriente a\u00f1o, de lo contrario a partir del 01 de agosto caducar\u00e1n. La misma modalidad ser\u00e1 aplicada para los meses posteriores, tal como lo indica la normativa.<\/p>\n<p>En relaci\u00f3n a <strong>los francos compensatorios pendientes al 30 de abril, podr\u00e1n ser utilizados en el transcurso del a\u00f1o sin fecha de caducidad<\/strong>.<\/p>\n<\/div>\n","protected":false},"excerpt":{"rendered":"<p>Comunicado de la Direcci\u00f3n General de Recursos Humanos de la Subsecretaria de Recursos Humanos: A<\/p>\n","protected":false},"author":2,"featured_media":3427,"comment_status":"closed","ping_status":"closed","sticky":false,"template":"","format":"standard","meta":{"footnotes":""},"categories":[72,17,21],"tags":[],"class_list":["post-2762","post","type-post","status-publish","format-standard","has-post-thumbnail","hentry","category-comunicados","category-procedimientos","category-rr-hh"],"_links":{"self":[{"href":"https:\/\/www.comodoro.gov.ar\/intranet\/wp-json\/wp\/v2\/posts\/2762","targetHints":{"allow":["GET"]}}],"collection":[{"href":"https:\/\/www.comodoro.gov.ar\/intranet\/wp-json\/wp\/v2\/posts"}],"about":[{"href":"https:\/\/www.comodoro.gov.ar\/intranet\/wp-json\/wp\/v2\/types\/post"}],"author":[{"embeddable":true,"href":"https:\/\/www.comodoro.gov.ar\/intranet\/wp-json\/wp\/v2\/users\/2"}],"replies":[{"embeddable":true,"href":"https:\/\/www.comodoro.gov.ar\/intranet\/wp-json\/wp\/v2\/comments?post=2762"}],"version-history":[{"count":7,"href":"https:\/\/www.comodoro.gov.ar\/intranet\/wp-json\/wp\/v2\/posts\/2762\/revisions"}],"predecessor-version":[{"id":3331,"href":"https:\/\/www.comodoro.gov.ar\/intranet\/wp-json\/wp\/v2\/posts\/2762\/revisions\/3331"}],"wp:featuredmedia":[{"embeddable":true,"href":"https:\/\/www.comodoro.gov.ar\/intranet\/wp-json\/wp\/v2\/media\/3427"}],"wp:attachment":[{"href":"https:\/\/www.comodoro.gov.ar\/intranet\/wp-json\/wp\/v2\/media?parent=2762"}],"wp:term":[{"taxonomy":"category","embeddable":true,"href":"https:\/\/www.comodoro.gov.ar\/intranet\/wp-json\/wp\/v2\/categories?post=2762"},{"taxonomy":"post_tag","embeddable":true,"href":"https:\/\/www.comodoro.gov.ar\/intranet\/wp-json\/wp\/v2\/tags?post=2762"}],"curies":[{"name":"wp","href":"https:\/\/api.w.org\/{rel}","templated":true}]}}