{"id":3160,"date":"2024-12-26T12:20:53","date_gmt":"2024-12-26T15:20:53","guid":{"rendered":"https:\/\/www.comodoro.gov.ar\/intranet\/?p=3160"},"modified":"2025-07-15T10:11:13","modified_gmt":"2025-07-15T13:11:13","slug":"estatuto-y-escalafon-del-personal-municipal","status":"publish","type":"post","link":"https:\/\/www.comodoro.gov.ar\/intranet\/2024\/12\/26\/estatuto-y-escalafon-del-personal-municipal\/","title":{"rendered":"Estatuto y Escalaf\u00f3n del Personal Municipal"},"content":{"rendered":"<p><span style=\"color: #000000;\">Publicado en el <a href=\"https:\/\/www.digestocomodoro.gob.ar\/verNorma.aspx?ID_NORMA=27\" target=\"_blank\" rel=\"noopener\"><strong>Digesto Municipal <img decoding=\"async\" class=\"alignnone size-full wp-image-2488\" src=\"https:\/\/www.comodoro.gov.ar\/intranet\/wp-content\/uploads\/2024\/04\/puntero.png\" alt=\"\" width=\"26\" height=\"20\" \/><\/strong><\/a> (dispone de vista previa y opci\u00f3n de descarga)<\/span><\/p>\n<p><span style=\"color: #000000;\">Texto Ordenado de la Ordenanza N\u00ba 6418\/97.-Texto Ordenado del Estatuto y Escalaf\u00f3n del Personal Municipal.<\/span><\/p>\n<p><span style=\"color: #000000;\"> Modificado por Ordenanza N\u00ba 6418-12\/19 Licencia por Maternidad Modificado por Ordenanza N\u00b0 6418-13\/20<\/span><\/p>\n<p><span style=\"color: #000000;\"> Incorpora el Art 82 bis: Licencia Extraordinaria por Jubilaci\u00f3n Modificado por Ordenanza N\u00b0 6418-14\/20 Modifica el Art. 37 e Incisos c) y d) Adicional por Titulo y Adicional por Incompatibilidad Profesional. Modificado por Ordenanza N\u00b0 6418-15\/20, capacitaci\u00f3n y actualizaci\u00f3n en Perspectiva de Desarrollo sostenible, Protecci\u00f3n medioambiental. <\/span><\/p>\n<p><span style=\"color: #000000;\">Publicado en el Bolet\u00edn Oficial N\u00b0 21\/2021, el d\u00eda 03 de marzo del 2021. Modificado por Ordenanza N\u00b06418-16\/20, Derechos y Garant\u00edas para la Mujer en el \u00e1mbito laboral municipal. Licencia para mujeres victimas de violencia y para mujeres en riesgo de violencia de genero. <a href=\"https:\/\/www.comodoro.gov.ar\/archivos\/boletin_oficial\/pdf\/bol_021-2021.pdf\" target=\"_blank\" rel=\"noopener\"><strong>Publicado en el Bolet\u00edn Oficial N\u00b0 21\/2021 <img decoding=\"async\" class=\"alignnone size-full wp-image-2488\" src=\"https:\/\/www.comodoro.gov.ar\/intranet\/wp-content\/uploads\/2024\/04\/puntero.png\" alt=\"\" width=\"26\" height=\"20\" \/><\/strong><\/a>. <\/span><\/p>\n","protected":false},"excerpt":{"rendered":"<p>Publicado en el Digesto Municipal (dispone de vista previa y opci\u00f3n de descarga) Texto Ordenado<\/p>\n","protected":false},"author":1,"featured_media":3433,"comment_status":"closed","ping_status":"closed","sticky":false,"template":"","format":"standard","meta":{"footnotes":""},"categories":[73,29,21],"tags":[],"class_list":["post-3160","post","type-post","status-publish","format-standard","has-post-thumbnail","hentry","category-destacadas","category-normativa","category-rr-hh"],"_links":{"self":[{"href":"https:\/\/www.comodoro.gov.ar\/intranet\/wp-json\/wp\/v2\/posts\/3160","targetHints":{"allow":["GET"]}}],"collection":[{"href":"https:\/\/www.comodoro.gov.ar\/intranet\/wp-json\/wp\/v2\/posts"}],"about":[{"href":"https:\/\/www.comodoro.gov.ar\/intranet\/wp-json\/wp\/v2\/types\/post"}],"author":[{"embeddable":true,"href":"https:\/\/www.comodoro.gov.ar\/intranet\/wp-json\/wp\/v2\/users\/1"}],"replies":[{"embeddable":true,"href":"https:\/\/www.comodoro.gov.ar\/intranet\/wp-json\/wp\/v2\/comments?post=3160"}],"version-history":[{"count":3,"href":"https:\/\/www.comodoro.gov.ar\/intranet\/wp-json\/wp\/v2\/posts\/3160\/revisions"}],"predecessor-version":[{"id":3457,"href":"https:\/\/www.comodoro.gov.ar\/intranet\/wp-json\/wp\/v2\/posts\/3160\/revisions\/3457"}],"wp:featuredmedia":[{"embeddable":true,"href":"https:\/\/www.comodoro.gov.ar\/intranet\/wp-json\/wp\/v2\/media\/3433"}],"wp:attachment":[{"href":"https:\/\/www.comodoro.gov.ar\/intranet\/wp-json\/wp\/v2\/media?parent=3160"}],"wp:term":[{"taxonomy":"category","embeddable":true,"href":"https:\/\/www.comodoro.gov.ar\/intranet\/wp-json\/wp\/v2\/categories?post=3160"},{"taxonomy":"post_tag","embeddable":true,"href":"https:\/\/www.comodoro.gov.ar\/intranet\/wp-json\/wp\/v2\/tags?post=3160"}],"curies":[{"name":"wp","href":"https:\/\/api.w.org\/{rel}","templated":true}]}}