{"id":3250,"date":"2025-03-12T13:08:32","date_gmt":"2025-03-12T16:08:32","guid":{"rendered":"https:\/\/www.comodoro.gov.ar\/intranet\/?p=3250"},"modified":"2025-07-10T13:56:14","modified_gmt":"2025-07-10T16:56:14","slug":"memorandum-accidentes-laborales","status":"publish","type":"post","link":"https:\/\/www.comodoro.gov.ar\/intranet\/2025\/03\/12\/memorandum-accidentes-laborales\/","title":{"rendered":"Memor\u00e1ndum &#8211; Accidentes Laborales"},"content":{"rendered":"<p>Para informaci\u00f3n \u00a0de: Todas las Secretarias.<\/p>\n<p><span style=\"color: #000000;\">Producida por:<\/span><\/p>\n<p><span style=\"color: #000000;\">Direcci\u00f3n \u00a0de Medicina \u00a0Laboral &#8211; \u00a0Subsecretaria de Recursos \u00a0Humanos<\/span><\/p>\n<p><span style=\"color: #000000;\">Comodoro \u00a0Rivadavia, 10 de Marzo de 2025<\/span><\/p>\n<p><span style=\"color: #000000;\">Asunto:\u00a0Accidentes \u00a0Laborales<\/span><\/p>\n<p><strong><span style=\"color: #000000;\">\u00bfQu\u00e9 hacer frente a una situaci\u00f3n de accidente laboral?<\/span><\/strong><\/p>\n<ul>\n<li><span style=\"color: #000000;\">Se considera accidente de trabajo a todo acontecimiento s\u00fabito y violento ocurrido por el hecho o en ocasi\u00f3n de trabajo, o en el trayecto entre el domicilio del trabajador y el lugar de trabajo, siempre y cuando el damnificado no hubiere interrumpido o alterado dicho trayecto por causas ajenas al trabajo. El trabajador podr\u00e1 declarar (en Sub secretaria de RRHH) si el it\u00ednere (recorrido) se modifica por razones de estudio, concurrencia a otro empleo o atenci\u00f3n de familiar directo enfermo y no conviviente.<\/span><\/li>\n<li><span style=\"color: #000000;\">\u00a0Si el suceso produce una lesi\u00f3n que imposibilita caminar o trasladarse, solicitar\u00e1 ayuda a la persona m\u00e1s cercana o ayuda telef\u00f3nica y se deber\u00e1 llamar a <strong>EMEC<\/strong> solicitando una ambulancia. Tel: <strong>0810-222-3632<\/strong><\/span><\/li>\n<li><span style=\"color: #000000;\"><span style=\"color: #000000;\">En caso de encontrarse en condiciones, la denuncia del accidente \u00a0la podr\u00e1 realizar el damnificado, un compa\u00f1ero\/director o familiar en presencia del mismo.<\/span><\/span><br \/>\n<hr \/>\n<\/li>\n<\/ul>\n<p><strong><span style=\"color: #000000;\">Personal de Planta Transitoria y Permanente:<\/span><\/strong><\/p>\n<p><span style=\"color: #000000;\">1)\u00a0 Llamar al 0800-333-1400 \u00a0Aseguradora de Riesgos de Trabajo (ART) GALENO.<\/span><\/p>\n<ul>\n<li><span style=\"color: #000000;\">Opci\u00f3n 1: <strong>ACCIDENTE CON RIESGO DE VIDA<\/strong><\/span><\/li>\n<li><span style=\"color: #000000;\">Opci\u00f3n 2: denuncia sin riesgo<\/span><\/li>\n<li><span style=\"color: #000000;\">Opci\u00f3n 3: para solicitar traslados durante el tratamiento<\/span><\/li>\n<\/ul>\n<p><span style=\"color: #000000;\">2)\u00a0 Informaci\u00f3n a brindar:<\/span><\/p>\n<ul>\n<li><span style=\"color: #000000;\">CUIT del Municipio: 30-99906559-3<\/span><\/li>\n<li><span style=\"color: #000000;\">Apellido, nombre, DNI, Fecha de nacimiento, domicilio particular, y tel\u00e9fono de contacto del accidentado.<\/span><\/li>\n<li><span style=\"color: #000000;\">Lugar, fecha, hora y relato del accidente.<\/span><\/li>\n<\/ul>\n<p><span style=\"color: #000000;\">3) Se obtiene n\u00famero de siniestro.<\/span><\/p>\n<p><span style=\"color: #000000;\">4) Se deber\u00e1 \u00a0concurrir con <strong>DNI y numero de siniestro<\/strong> al establecimiento designado por la aseguradora.<\/span><\/p>\n<p><span style=\"color: #000000;\">5) Informar al sector al que pertenece.<\/span><\/p>\n<p><span style=\"color: #000000;\">6) Presentarse a todos los turnos correspondientes.<\/span><\/p>\n<p><span style=\"color: #000000;\">7) No presentarse a trabajar hasta no obtener el alta m\u00e9dica de la <strong>ART.<\/strong><\/span><\/p>\n<p><span style=\"color: #000000;\">8) Una vez obtenida el alta remitirla (v\u00eda online por medios oficiales o presencial) a <\/span><span style=\"color: #000000;\">Medicina Laboral<strong> dentro de las 48 hs h\u00e1biles.<\/strong><\/span><\/p>\n<p><span style=\"color: #000000;\">9) Presentarse al trabajo al d\u00eda siguiente del alta.<\/span><\/p>\n<p><span style=\"color: #000000;\">10) En caso de no estar de acuerdo con el alta m\u00e9dica, podr\u00e1 firmar en disconformidad <\/span><span style=\"color: #000000;\">y solicitar asesoramiento a Medicina Laboral.<\/span><\/p>\n<hr \/>\n<p><strong><span style=\"color: #000000;\">Trabajador no perteneciente a planta:<\/span><\/strong><\/p>\n<p><span style=\"color: #000000;\">1) Llamar al <strong>0800-444-2850<\/strong> o <strong>0800-555-2850<\/strong> Seguro de accidentes personales <strong>SANCOR<\/strong>.<\/span><\/p>\n<p><span style=\"color: #000000;\">CARACTER\u00cdSTICAS DE LA POLIZA<\/span><\/p>\n<p><a href=\"https:\/\/www.comodoro.gov.ar\/intranet\/wp-content\/uploads\/2025\/03\/MEMORANDUM-ACCIDENTES-LABORALES.pdf\" target=\"_blank\" rel=\"noopener\"><strong>Descargar MEMO <img decoding=\"async\" class=\"alignnone size-full wp-image-2488\" src=\"https:\/\/www.comodoro.gov.ar\/intranet\/wp-content\/uploads\/2024\/04\/puntero.png\" alt=\"\" width=\"26\" height=\"20\" \/><\/strong><\/a><\/p>\n","protected":false},"excerpt":{"rendered":"<p>Para informaci\u00f3n \u00a0de: Todas las Secretarias. Producida por: Direcci\u00f3n \u00a0de Medicina \u00a0Laboral &#8211; \u00a0Subsecretaria de<\/p>\n","protected":false},"author":1,"featured_media":3421,"comment_status":"closed","ping_status":"closed","sticky":false,"template":"","format":"standard","meta":{"footnotes":""},"categories":[72,109,2],"tags":[],"class_list":["post-3250","post","type-post","status-publish","format-standard","has-post-thumbnail","hentry","category-comunicados","category-memos","category-salud"],"_links":{"self":[{"href":"https:\/\/www.comodoro.gov.ar\/intranet\/wp-json\/wp\/v2\/posts\/3250","targetHints":{"allow":["GET"]}}],"collection":[{"href":"https:\/\/www.comodoro.gov.ar\/intranet\/wp-json\/wp\/v2\/posts"}],"about":[{"href":"https:\/\/www.comodoro.gov.ar\/intranet\/wp-json\/wp\/v2\/types\/post"}],"author":[{"embeddable":true,"href":"https:\/\/www.comodoro.gov.ar\/intranet\/wp-json\/wp\/v2\/users\/1"}],"replies":[{"embeddable":true,"href":"https:\/\/www.comodoro.gov.ar\/intranet\/wp-json\/wp\/v2\/comments?post=3250"}],"version-history":[{"count":4,"href":"https:\/\/www.comodoro.gov.ar\/intranet\/wp-json\/wp\/v2\/posts\/3250\/revisions"}],"predecessor-version":[{"id":3961,"href":"https:\/\/www.comodoro.gov.ar\/intranet\/wp-json\/wp\/v2\/posts\/3250\/revisions\/3961"}],"wp:featuredmedia":[{"embeddable":true,"href":"https:\/\/www.comodoro.gov.ar\/intranet\/wp-json\/wp\/v2\/media\/3421"}],"wp:attachment":[{"href":"https:\/\/www.comodoro.gov.ar\/intranet\/wp-json\/wp\/v2\/media?parent=3250"}],"wp:term":[{"taxonomy":"category","embeddable":true,"href":"https:\/\/www.comodoro.gov.ar\/intranet\/wp-json\/wp\/v2\/categories?post=3250"},{"taxonomy":"post_tag","embeddable":true,"href":"https:\/\/www.comodoro.gov.ar\/intranet\/wp-json\/wp\/v2\/tags?post=3250"}],"curies":[{"name":"wp","href":"https:\/\/api.w.org\/{rel}","templated":true}]}}